{"id":31799,"date":"2024-09-09T16:07:43","date_gmt":"2024-09-09T14:07:43","guid":{"rendered":"https:\/\/filharmoniapoznanska.pl\/z-szamotul-rodem-najnowszy-album-filharmonikow-poznanskich\/"},"modified":"2024-09-09T16:10:45","modified_gmt":"2024-09-09T14:10:45","slug":"z-szamotul-rodem-najnowszy-album-filharmonikow-poznanskich","status":"publish","type":"post","link":"https:\/\/filharmoniapoznanska.pl\/en\/z-szamotul-rodem-najnowszy-album-filharmonikow-poznanskich\/","title":{"rendered":"Z SZAMOTU\u0141 RODEM (FROM SZAMOTU\u0141Y HE HAILED), NEWEST ALBUM BY POZNA\u0143 PHILHARMONIC ORCHESTRA"},"content":{"rendered":"<p><a href=\"https:\/\/filharmoniapoznanska.pl\/en\/scharwenka_cpo-cd-2\/\" rel=\"attachment wp-att-31793\"><img loading=\"lazy\" decoding=\"async\" class=\"alignnone wp-image-31793\" src=\"https:\/\/filharmoniapoznanska.pl\/wp-content\/uploads\/2024\/09\/Scharwenka_CPO-CD.jpg\" alt=\"\" width=\"336\" height=\"335\" srcset=\"https:\/\/filharmoniapoznanska.pl\/wp-content\/uploads\/2024\/09\/Scharwenka_CPO-CD.jpg 656w, https:\/\/filharmoniapoznanska.pl\/wp-content\/uploads\/2024\/09\/Scharwenka_CPO-CD-300x300.jpg 300w, https:\/\/filharmoniapoznanska.pl\/wp-content\/uploads\/2024\/09\/Scharwenka_CPO-CD-150x150.jpg 150w, https:\/\/filharmoniapoznanska.pl\/wp-content\/uploads\/2024\/09\/Scharwenka_CPO-CD-102x102.jpg 102w, https:\/\/filharmoniapoznanska.pl\/wp-content\/uploads\/2024\/09\/Scharwenka_CPO-CD-200x200.jpg 200w, https:\/\/filharmoniapoznanska.pl\/wp-content\/uploads\/2024\/09\/Scharwenka_CPO-CD-371x370.jpg 371w\" sizes=\"auto, (max-width: 336px) 100vw, 336px\" \/><\/a><\/p>\n<p>The newest record by Pozna\u0144 Philharmonic Orchestra, this time featuring Symphony in C minor, Op. 60, and Piano Concerto No. 1 in B-flat minor, Op. 32 by Franz Xaver Scharwenka is about to hit the musical shelves. The album was recorded by the Pozna\u0144 ensemble under \u0141ukasz Borowicz with Jonathan Powell, the British virtuoso renowned for unconventional repertoire, both Romantic, and contemporary. It was released by the German label cpo, a few months prior to the centenary of Franz Xaver Scharwenka\u2019s death, which falls on 8 December 2024.<\/p>\n<p>It is yet another monographic album prepared by the Pozna\u0144 Philharmonic that contains works by the Szamotu\u0142y-born composer. The first, recorded by pianist Francois Xavier Poizat with the same ensemble conducted by \u0141ukasz Borowicz, and published by Naxos, was released in 2011. It contained Piano Concerto No. 4 in F minor, Op. 82, Overture to the opera <em>Mataswintha, <\/em>Cello Sonata in E minor, Op. 46 (mov. 2 <em>Andante religioso<\/em>), as well as a selection of <em>Ta\u0144ce polskie <\/em>(Polish Dances)<em>.<\/em><\/p>\n<p>Franz Xaver Scharwenka was born to a Polish-German family in Szamotu\u0142y, where he spent the first years of his life. This is also where he took his first musical steps. When he was fifteen, the Scharwenkas moved to Berlin, where Franz Xaver completed middle school and began musical studies. He went down in history not only as an illustrious composer and pianist, but also as educator and organiser of musical life. In 1881, he founded Scharwenka Conservatory in Berlin, and between 1891 and 1898 ran Scharwenka Music School in New York City. Revered throughout America, he had his only opera, <em>Mataswintha,<\/em> staged at New York\u2019s Metropolitan Opera. He also wrote <em>Methodik des Klavierspiels<\/em>, which was published in Leipzig in 1907. A friend of Franz Liszt\u2019s (to whom he dedicated the very Piano Concerto No. 1 in B-flat minor just recorded by the Pozna\u0144 musicians), he also enjoyed recognition from Johannes Brahms.<\/p>\n<p>Even though Scharwenka completed work on Symphony in C minor, Op. 60 in the early-1882, it was only almost two years later, on 1 December 1883, that the work had its premiere at the K\u00f6niglichen Akademie der K\u00fcnste in Copenhagen. <em>Signale f\u00fcr Musikalische Welt<\/em> wrote at the time:<em> \u2026 in general, the piece was received favourably. In particular, the beautiful Scherzo and Adagio.<\/em><\/p>\n<p>Piano Concerto No. 1 in B-flat minor was the composition to have paved the way for Scharwenka to world recognition. Initially, a two-movement fantasia, it sounded in its present, three-movement form for the first time on 24 April 1877 in Bremen. After the premiere performance, a reviewer wrote that the piece, \u201c<em>just like Chopin\u2019s works, possesses the virtue of pure piano quality, while being splendidly instrumented to boot (\u2026).\u201d<\/em><\/p>\n","protected":false},"excerpt":{"rendered":"<p>The newest record by Pozna\u0144 Philharmonic Orchestra, this time featuring Symphony in C minor, Op. 60, and Piano Concerto No. 1 in B-flat minor, Op. 32 by Franz Xaver Scharwenka is about to hit the musical shelves. The album was recorded by the Pozna\u0144 ensemble under \u0141ukasz Borowicz with Jonathan Powell, the British virtuoso renowned [&hellip;]<\/p>\n","protected":false},"author":7,"featured_media":0,"comment_status":"closed","ping_status":"closed","sticky":false,"template":"","format":"standard","meta":{"_acf_changed":false,"footnotes":""},"categories":[27],"tags":[],"class_list":["post-31799","post","type-post","status-publish","format-standard","hentry","category-bez-kategorii-en"],"acf":[],"yoast_head":"<!-- This site is optimized with the Yoast SEO plugin v27.3 - https:\/\/yoast.com\/product\/yoast-seo-wordpress\/ -->\n<title>Filharmonia Pozna\u0144ska Z SZAMOTU\u0141 RODEM (FROM SZAMOTU\u0141Y HE HAILED), NEWEST ALBUM BY POZNA\u0143 PHILHARMONIC ORCHESTRA<\/title>\n<meta name=\"robots\" content=\"index, follow, max-snippet:-1, max-image-preview:large, max-video-preview:-1\" \/>\n<link rel=\"canonical\" href=\"https:\/\/filharmoniapoznanska.pl\/en\/z-szamotul-rodem-najnowszy-album-filharmonikow-poznanskich\/\" \/>\n<meta property=\"og:locale\" content=\"en_US\" \/>\n<meta property=\"og:type\" content=\"article\" \/>\n<meta property=\"og:title\" content=\"Filharmonia Pozna\u0144ska Z SZAMOTU\u0141 RODEM (FROM SZAMOTU\u0141Y HE HAILED), NEWEST ALBUM BY POZNA\u0143 PHILHARMONIC ORCHESTRA\" \/>\n<meta property=\"og:description\" content=\"The newest record by Pozna\u0144 Philharmonic Orchestra, this time featuring Symphony in C minor, Op. 60, and Piano Concerto No. 1 in B-flat minor, Op. 32 by Franz Xaver Scharwenka is about to hit the musical shelves. The album was recorded by the Pozna\u0144 ensemble under \u0141ukasz Borowicz with Jonathan Powell, the British virtuoso renowned [&hellip;]\" \/>\n<meta property=\"og:url\" content=\"https:\/\/filharmoniapoznanska.pl\/en\/z-szamotul-rodem-najnowszy-album-filharmonikow-poznanskich\/\" \/>\n<meta property=\"og:site_name\" content=\"Filharmonia Pozna\u0144ska\" \/>\n<meta property=\"article:published_time\" content=\"2024-09-09T14:07:43+00:00\" \/>\n<meta property=\"article:modified_time\" content=\"2024-09-09T14:10:45+00:00\" \/>\n<meta property=\"og:image\" content=\"https:\/\/filharmoniapoznanska.pl\/wp-content\/uploads\/2024\/09\/Scharwenka_CPO-CD.jpg\" \/>\n<meta name=\"author\" content=\"Magdalena Smieszala\" \/>\n<meta name=\"twitter:card\" content=\"summary_large_image\" \/>\n<meta name=\"twitter:label1\" content=\"Written by\" \/>\n\t<meta name=\"twitter:data1\" content=\"Magdalena Smieszala\" \/>\n\t<meta name=\"twitter:label2\" content=\"Est. reading time\" \/>\n\t<meta name=\"twitter:data2\" content=\"3 minutes\" \/>\n<script type=\"application\/ld+json\" class=\"yoast-schema-graph\">{\"@context\":\"https:\\\/\\\/schema.org\",\"@graph\":[{\"@type\":\"Article\",\"@id\":\"https:\\\/\\\/filharmoniapoznanska.pl\\\/en\\\/z-szamotul-rodem-najnowszy-album-filharmonikow-poznanskich\\\/#article\",\"isPartOf\":{\"@id\":\"https:\\\/\\\/filharmoniapoznanska.pl\\\/en\\\/z-szamotul-rodem-najnowszy-album-filharmonikow-poznanskich\\\/\"},\"author\":{\"name\":\"Magdalena Smieszala\",\"@id\":\"https:\\\/\\\/filharmoniapoznanska.pl\\\/#\\\/schema\\\/person\\\/1275f5e642860ca78155117b935a25f6\"},\"headline\":\"Z SZAMOTU\u0141 RODEM (FROM SZAMOTU\u0141Y HE HAILED), NEWEST ALBUM BY POZNA\u0143 PHILHARMONIC ORCHESTRA\",\"datePublished\":\"2024-09-09T14:07:43+00:00\",\"dateModified\":\"2024-09-09T14:10:45+00:00\",\"mainEntityOfPage\":{\"@id\":\"https:\\\/\\\/filharmoniapoznanska.pl\\\/en\\\/z-szamotul-rodem-najnowszy-album-filharmonikow-poznanskich\\\/\"},\"wordCount\":451,\"image\":{\"@id\":\"https:\\\/\\\/filharmoniapoznanska.pl\\\/en\\\/z-szamotul-rodem-najnowszy-album-filharmonikow-poznanskich\\\/#primaryimage\"},\"thumbnailUrl\":\"https:\\\/\\\/filharmoniapoznanska.pl\\\/wp-content\\\/uploads\\\/2024\\\/09\\\/Scharwenka_CPO-CD.jpg\",\"articleSection\":[\"Bez kategorii\"],\"inLanguage\":\"en-US\"},{\"@type\":\"WebPage\",\"@id\":\"https:\\\/\\\/filharmoniapoznanska.pl\\\/en\\\/z-szamotul-rodem-najnowszy-album-filharmonikow-poznanskich\\\/\",\"url\":\"https:\\\/\\\/filharmoniapoznanska.pl\\\/en\\\/z-szamotul-rodem-najnowszy-album-filharmonikow-poznanskich\\\/\",\"name\":\"Filharmonia Pozna\u0144ska Z SZAMOTU\u0141 RODEM (FROM SZAMOTU\u0141Y HE HAILED), NEWEST ALBUM BY POZNA\u0143 PHILHARMONIC ORCHESTRA\",\"isPartOf\":{\"@id\":\"https:\\\/\\\/filharmoniapoznanska.pl\\\/#website\"},\"primaryImageOfPage\":{\"@id\":\"https:\\\/\\\/filharmoniapoznanska.pl\\\/en\\\/z-szamotul-rodem-najnowszy-album-filharmonikow-poznanskich\\\/#primaryimage\"},\"image\":{\"@id\":\"https:\\\/\\\/filharmoniapoznanska.pl\\\/en\\\/z-szamotul-rodem-najnowszy-album-filharmonikow-poznanskich\\\/#primaryimage\"},\"thumbnailUrl\":\"https:\\\/\\\/filharmoniapoznanska.pl\\\/wp-content\\\/uploads\\\/2024\\\/09\\\/Scharwenka_CPO-CD.jpg\",\"datePublished\":\"2024-09-09T14:07:43+00:00\",\"dateModified\":\"2024-09-09T14:10:45+00:00\",\"author\":{\"@id\":\"https:\\\/\\\/filharmoniapoznanska.pl\\\/#\\\/schema\\\/person\\\/1275f5e642860ca78155117b935a25f6\"},\"breadcrumb\":{\"@id\":\"https:\\\/\\\/filharmoniapoznanska.pl\\\/en\\\/z-szamotul-rodem-najnowszy-album-filharmonikow-poznanskich\\\/#breadcrumb\"},\"inLanguage\":\"en-US\",\"potentialAction\":[{\"@type\":\"ReadAction\",\"target\":[\"https:\\\/\\\/filharmoniapoznanska.pl\\\/en\\\/z-szamotul-rodem-najnowszy-album-filharmonikow-poznanskich\\\/\"]}]},{\"@type\":\"ImageObject\",\"inLanguage\":\"en-US\",\"@id\":\"https:\\\/\\\/filharmoniapoznanska.pl\\\/en\\\/z-szamotul-rodem-najnowszy-album-filharmonikow-poznanskich\\\/#primaryimage\",\"url\":\"https:\\\/\\\/filharmoniapoznanska.pl\\\/wp-content\\\/uploads\\\/2024\\\/09\\\/Scharwenka_CPO-CD.jpg\",\"contentUrl\":\"https:\\\/\\\/filharmoniapoznanska.pl\\\/wp-content\\\/uploads\\\/2024\\\/09\\\/Scharwenka_CPO-CD.jpg\"},{\"@type\":\"BreadcrumbList\",\"@id\":\"https:\\\/\\\/filharmoniapoznanska.pl\\\/en\\\/z-szamotul-rodem-najnowszy-album-filharmonikow-poznanskich\\\/#breadcrumb\",\"itemListElement\":[{\"@type\":\"ListItem\",\"position\":1,\"name\":\"Strona g\u0142\u00f3wna\",\"item\":\"https:\\\/\\\/filharmoniapoznanska.pl\\\/en\\\/\"},{\"@type\":\"ListItem\",\"position\":2,\"name\":\"Z SZAMOTU\u0141 RODEM (FROM SZAMOTU\u0141Y HE HAILED), NEWEST ALBUM BY POZNA\u0143 PHILHARMONIC ORCHESTRA\"}]},{\"@type\":\"WebSite\",\"@id\":\"https:\\\/\\\/filharmoniapoznanska.pl\\\/#website\",\"url\":\"https:\\\/\\\/filharmoniapoznanska.pl\\\/\",\"name\":\"Filharmonia Pozna\u0144ska\",\"description\":\"\",\"potentialAction\":[{\"@type\":\"SearchAction\",\"target\":{\"@type\":\"EntryPoint\",\"urlTemplate\":\"https:\\\/\\\/filharmoniapoznanska.pl\\\/?s={search_term_string}\"},\"query-input\":{\"@type\":\"PropertyValueSpecification\",\"valueRequired\":true,\"valueName\":\"search_term_string\"}}],\"inLanguage\":\"en-US\"},{\"@type\":\"Person\",\"@id\":\"https:\\\/\\\/filharmoniapoznanska.pl\\\/#\\\/schema\\\/person\\\/1275f5e642860ca78155117b935a25f6\",\"name\":\"Magdalena Smieszala\",\"image\":{\"@type\":\"ImageObject\",\"inLanguage\":\"en-US\",\"@id\":\"https:\\\/\\\/secure.gravatar.com\\\/avatar\\\/5818fe0ddbba1db9e999fe5475b267cc756422dd89bc49754cb83cb8a6b24656?s=96&d=mm&r=g\",\"url\":\"https:\\\/\\\/secure.gravatar.com\\\/avatar\\\/5818fe0ddbba1db9e999fe5475b267cc756422dd89bc49754cb83cb8a6b24656?s=96&d=mm&r=g\",\"contentUrl\":\"https:\\\/\\\/secure.gravatar.com\\\/avatar\\\/5818fe0ddbba1db9e999fe5475b267cc756422dd89bc49754cb83cb8a6b24656?s=96&d=mm&r=g\",\"caption\":\"Magdalena Smieszala\"}}]}<\/script>\n<!-- \/ Yoast SEO plugin. -->","yoast_head_json":{"title":"Filharmonia Pozna\u0144ska Z SZAMOTU\u0141 RODEM (FROM SZAMOTU\u0141Y HE HAILED), NEWEST ALBUM BY POZNA\u0143 PHILHARMONIC ORCHESTRA","robots":{"index":"index","follow":"follow","max-snippet":"max-snippet:-1","max-image-preview":"max-image-preview:large","max-video-preview":"max-video-preview:-1"},"canonical":"https:\/\/filharmoniapoznanska.pl\/en\/z-szamotul-rodem-najnowszy-album-filharmonikow-poznanskich\/","og_locale":"en_US","og_type":"article","og_title":"Filharmonia Pozna\u0144ska Z SZAMOTU\u0141 RODEM (FROM SZAMOTU\u0141Y HE HAILED), NEWEST ALBUM BY POZNA\u0143 PHILHARMONIC ORCHESTRA","og_description":"The newest record by Pozna\u0144 Philharmonic Orchestra, this time featuring Symphony in C minor, Op. 60, and Piano Concerto No. 1 in B-flat minor, Op. 32 by Franz Xaver Scharwenka is about to hit the musical shelves. The album was recorded by the Pozna\u0144 ensemble under \u0141ukasz Borowicz with Jonathan Powell, the British virtuoso renowned [&hellip;]","og_url":"https:\/\/filharmoniapoznanska.pl\/en\/z-szamotul-rodem-najnowszy-album-filharmonikow-poznanskich\/","og_site_name":"Filharmonia Pozna\u0144ska","article_published_time":"2024-09-09T14:07:43+00:00","article_modified_time":"2024-09-09T14:10:45+00:00","og_image":[{"url":"https:\/\/filharmoniapoznanska.pl\/wp-content\/uploads\/2024\/09\/Scharwenka_CPO-CD.jpg","type":"","width":"","height":""}],"author":"Magdalena Smieszala","twitter_card":"summary_large_image","twitter_misc":{"Written by":"Magdalena Smieszala","Est. reading time":"3 minutes"},"schema":{"@context":"https:\/\/schema.org","@graph":[{"@type":"Article","@id":"https:\/\/filharmoniapoznanska.pl\/en\/z-szamotul-rodem-najnowszy-album-filharmonikow-poznanskich\/#article","isPartOf":{"@id":"https:\/\/filharmoniapoznanska.pl\/en\/z-szamotul-rodem-najnowszy-album-filharmonikow-poznanskich\/"},"author":{"name":"Magdalena Smieszala","@id":"https:\/\/filharmoniapoznanska.pl\/#\/schema\/person\/1275f5e642860ca78155117b935a25f6"},"headline":"Z SZAMOTU\u0141 RODEM (FROM SZAMOTU\u0141Y HE HAILED), NEWEST ALBUM BY POZNA\u0143 PHILHARMONIC ORCHESTRA","datePublished":"2024-09-09T14:07:43+00:00","dateModified":"2024-09-09T14:10:45+00:00","mainEntityOfPage":{"@id":"https:\/\/filharmoniapoznanska.pl\/en\/z-szamotul-rodem-najnowszy-album-filharmonikow-poznanskich\/"},"wordCount":451,"image":{"@id":"https:\/\/filharmoniapoznanska.pl\/en\/z-szamotul-rodem-najnowszy-album-filharmonikow-poznanskich\/#primaryimage"},"thumbnailUrl":"https:\/\/filharmoniapoznanska.pl\/wp-content\/uploads\/2024\/09\/Scharwenka_CPO-CD.jpg","articleSection":["Bez kategorii"],"inLanguage":"en-US"},{"@type":"WebPage","@id":"https:\/\/filharmoniapoznanska.pl\/en\/z-szamotul-rodem-najnowszy-album-filharmonikow-poznanskich\/","url":"https:\/\/filharmoniapoznanska.pl\/en\/z-szamotul-rodem-najnowszy-album-filharmonikow-poznanskich\/","name":"Filharmonia Pozna\u0144ska Z SZAMOTU\u0141 RODEM (FROM SZAMOTU\u0141Y HE HAILED), NEWEST ALBUM BY POZNA\u0143 PHILHARMONIC ORCHESTRA","isPartOf":{"@id":"https:\/\/filharmoniapoznanska.pl\/#website"},"primaryImageOfPage":{"@id":"https:\/\/filharmoniapoznanska.pl\/en\/z-szamotul-rodem-najnowszy-album-filharmonikow-poznanskich\/#primaryimage"},"image":{"@id":"https:\/\/filharmoniapoznanska.pl\/en\/z-szamotul-rodem-najnowszy-album-filharmonikow-poznanskich\/#primaryimage"},"thumbnailUrl":"https:\/\/filharmoniapoznanska.pl\/wp-content\/uploads\/2024\/09\/Scharwenka_CPO-CD.jpg","datePublished":"2024-09-09T14:07:43+00:00","dateModified":"2024-09-09T14:10:45+00:00","author":{"@id":"https:\/\/filharmoniapoznanska.pl\/#\/schema\/person\/1275f5e642860ca78155117b935a25f6"},"breadcrumb":{"@id":"https:\/\/filharmoniapoznanska.pl\/en\/z-szamotul-rodem-najnowszy-album-filharmonikow-poznanskich\/#breadcrumb"},"inLanguage":"en-US","potentialAction":[{"@type":"ReadAction","target":["https:\/\/filharmoniapoznanska.pl\/en\/z-szamotul-rodem-najnowszy-album-filharmonikow-poznanskich\/"]}]},{"@type":"ImageObject","inLanguage":"en-US","@id":"https:\/\/filharmoniapoznanska.pl\/en\/z-szamotul-rodem-najnowszy-album-filharmonikow-poznanskich\/#primaryimage","url":"https:\/\/filharmoniapoznanska.pl\/wp-content\/uploads\/2024\/09\/Scharwenka_CPO-CD.jpg","contentUrl":"https:\/\/filharmoniapoznanska.pl\/wp-content\/uploads\/2024\/09\/Scharwenka_CPO-CD.jpg"},{"@type":"BreadcrumbList","@id":"https:\/\/filharmoniapoznanska.pl\/en\/z-szamotul-rodem-najnowszy-album-filharmonikow-poznanskich\/#breadcrumb","itemListElement":[{"@type":"ListItem","position":1,"name":"Strona g\u0142\u00f3wna","item":"https:\/\/filharmoniapoznanska.pl\/en\/"},{"@type":"ListItem","position":2,"name":"Z SZAMOTU\u0141 RODEM (FROM SZAMOTU\u0141Y HE HAILED), NEWEST ALBUM BY POZNA\u0143 PHILHARMONIC ORCHESTRA"}]},{"@type":"WebSite","@id":"https:\/\/filharmoniapoznanska.pl\/#website","url":"https:\/\/filharmoniapoznanska.pl\/","name":"Filharmonia Pozna\u0144ska","description":"","potentialAction":[{"@type":"SearchAction","target":{"@type":"EntryPoint","urlTemplate":"https:\/\/filharmoniapoznanska.pl\/?s={search_term_string}"},"query-input":{"@type":"PropertyValueSpecification","valueRequired":true,"valueName":"search_term_string"}}],"inLanguage":"en-US"},{"@type":"Person","@id":"https:\/\/filharmoniapoznanska.pl\/#\/schema\/person\/1275f5e642860ca78155117b935a25f6","name":"Magdalena Smieszala","image":{"@type":"ImageObject","inLanguage":"en-US","@id":"https:\/\/secure.gravatar.com\/avatar\/5818fe0ddbba1db9e999fe5475b267cc756422dd89bc49754cb83cb8a6b24656?s=96&d=mm&r=g","url":"https:\/\/secure.gravatar.com\/avatar\/5818fe0ddbba1db9e999fe5475b267cc756422dd89bc49754cb83cb8a6b24656?s=96&d=mm&r=g","contentUrl":"https:\/\/secure.gravatar.com\/avatar\/5818fe0ddbba1db9e999fe5475b267cc756422dd89bc49754cb83cb8a6b24656?s=96&d=mm&r=g","caption":"Magdalena Smieszala"}}]}},"_links":{"self":[{"href":"https:\/\/filharmoniapoznanska.pl\/en\/wp-json\/wp\/v2\/posts\/31799","targetHints":{"allow":["GET"]}}],"collection":[{"href":"https:\/\/filharmoniapoznanska.pl\/en\/wp-json\/wp\/v2\/posts"}],"about":[{"href":"https:\/\/filharmoniapoznanska.pl\/en\/wp-json\/wp\/v2\/types\/post"}],"author":[{"embeddable":true,"href":"https:\/\/filharmoniapoznanska.pl\/en\/wp-json\/wp\/v2\/users\/7"}],"replies":[{"embeddable":true,"href":"https:\/\/filharmoniapoznanska.pl\/en\/wp-json\/wp\/v2\/comments?post=31799"}],"version-history":[{"count":2,"href":"https:\/\/filharmoniapoznanska.pl\/en\/wp-json\/wp\/v2\/posts\/31799\/revisions"}],"predecessor-version":[{"id":31801,"href":"https:\/\/filharmoniapoznanska.pl\/en\/wp-json\/wp\/v2\/posts\/31799\/revisions\/31801"}],"wp:attachment":[{"href":"https:\/\/filharmoniapoznanska.pl\/en\/wp-json\/wp\/v2\/media?parent=31799"}],"wp:term":[{"taxonomy":"category","embeddable":true,"href":"https:\/\/filharmoniapoznanska.pl\/en\/wp-json\/wp\/v2\/categories?post=31799"},{"taxonomy":"post_tag","embeddable":true,"href":"https:\/\/filharmoniapoznanska.pl\/en\/wp-json\/wp\/v2\/tags?post=31799"}],"curies":[{"name":"wp","href":"https:\/\/api.w.org\/{rel}","templated":true}]}}