{"id":29027,"date":"2024-02-02T19:06:38","date_gmt":"2024-02-02T18:06:38","guid":{"rendered":"https:\/\/filharmoniapoznanska.pl\/wielka-zlota-pieczec-miasta-poznania-dla-wojciecha-pawlowskiego\/"},"modified":"2024-02-05T09:55:54","modified_gmt":"2024-02-05T08:55:54","slug":"wielka-zlota-pieczec-miasta-poznania-dla-wojciecha-pawlowskiego","status":"publish","type":"post","link":"https:\/\/filharmoniapoznanska.pl\/en\/wielka-zlota-pieczec-miasta-poznania-dla-wojciecha-pawlowskiego\/","title":{"rendered":"GREAT GOLDEN SEAL OF THE TOWN OF POZNA\u0143 FOR WOJCIECH PAW\u0141OWSKI"},"content":{"rendered":"<p><em>(\u2026) we have, amongst ourselves, an exceptional person of a format that is truly difficult to describe, and, at the same time, somebody who is simply a kind man who has chosen to share his success with people endowed with sensitivity, or with those who are grief-stricken. In Wojciech Paw\u0142owski\u2019s attitude, I perceive several values the society cannot do without, such as capacity for hard work, consistency, selflessness, trust, to name just a few. However, two values appear crucial to me: creativity and empathy. Wojciech Paw\u0142owski admires people who are creative, extraordinary, unusual: artists, writers, visionaries, non-conformists. Rightly so \u2013 without them, our lives bog in rote and ignorance. Wojciech Paw\u0142owski sympathises with people wronged by fate. Rightly so \u2013 misfortune can affect any of us, no one is immune from the whims of fortune<\/em> \u2013 Jacek Ja\u015bkowiak lauded Wojciech Paw\u0142owski on the occasion of endowing him with the Great Golden Seal of the Town of Pozna\u0144.<\/p>\n<p>The ceremony of presenting the Great Golden Seal of the Town of Pozna\u0144 to Wojciech Paw\u0142owski was held on Friday, 2 February 2024, at the White Hall of the Municipality of Pozna\u0144.<\/p>\n<p>The distinction, awarded yearly by the Mayor of the Town of Pozna\u0144, was established to mark the 750th anniversary of the location of the town of Pozna\u0144. Modelled on the seal press of early-14th century, and, like the original, containing the coat of arms of Pozna\u0144 and concave Gothic inscription &#8220;SIGILLUM CIVITATIS POZNANIE&#8221;, it is awarded to persons who embody traditional Pozna\u0144 virtues, and whose activity commands particular respect and recognition.<\/p>\n<p>Wojciech Paw\u0142owski &#8211; businessman, social activist, patron of culture, sponsor of cultural events, philanthropist\u2026 The list of terms aiming to chart the vast spectrum of his professional, social, and charitable activity is long. One of the fields of his engagement is the musical life of Pozna\u0144, which he has supported for years by providing assistance to the Academy of Music in Pozna\u0144, and by being the main patron of the Pozna\u0144 Philharmonic.<\/p>\n<p><em>&#8211; Thus, t<\/em><em>he Great Golden Seal of the Town of Pozna\u0144 finds itself in the hands of a man who has earned it multiple times, and has turned his life into a work of art. It is a work of applied art (business), art of admiration (patronage), and art of sympathy (philanthropy) \u2013 <\/em>said Jacek Ja\u015bkowiak<em>. <\/em><\/p>\n<p>While acknowledging the distinction, Wojciech Paw\u0142owski underlined his regard for the Golden Seal\u2019s previous recipients.<\/p>\n<p>&#8211;\u00a0 <em>I extend my gratitude to the Mayor of Pozna\u0144 for taking note of my extra-business activity in the field of promoting culture, or my engagement of charitable character, and added me to this worthy body. I find the Golden Seal not only a symbol of recognition, but also a commitment to support further projects intended to boost development of our town <\/em>\u2013 said the prize holder.<\/p>\n<p>During the ceremony, the chamber ensemble of the Pozna\u0144 Philharmonic \u2013 Marcin Suszycki &#8211; violin, Marcin Herman &#8211; violin, Karolina Lewi\u0144ska-B\u0105k &#8211; viola, Maria Liszkowska-Sikorska &#8211; cello \u2013 performed String Quartet in F major, Op. 96, No. 12 (\u201cAmerican\u201d) by Anton\u00edn Dvo\u0159\u00e1k.<\/p>\n<p>Sincere congratulations to Wojciech Paw\u0142owski!<\/p>\n\n\t\t<style type=\"text\/css\">\n\t\t\t#gallery-1 {\n\t\t\t\tmargin: auto;\n\t\t\t}\n\t\t\t#gallery-1 .gallery-item {\n\t\t\t\tfloat: left;\n\t\t\t\tmargin-top: 10px;\n\t\t\t\ttext-align: center;\n\t\t\t\twidth: 14%;\n\t\t\t}\n\t\t\t#gallery-1 img {\n\t\t\t\tborder: 2px solid #cfcfcf;\n\t\t\t}\n\t\t\t#gallery-1 .gallery-caption {\n\t\t\t\tmargin-left: 0;\n\t\t\t}\n\t\t\t\/* see gallery_shortcode() in wp-includes\/media.php *\/\n\t\t<\/style>\n\t\t<div id='gallery-1' class='gallery galleryid-29027 gallery-columns-7 gallery-size-thumbnail'><dl class='gallery-item'>\n\t\t\t<dt class='gallery-icon portrait'>\n\t\t\t\t<a data-caption=\"fot. Antoni Hoffmann\" data-fancybox=\"gallery\" href='https:\/\/filharmoniapoznanska.pl\/en\/wielka-zlota-pieczec-miasta-poznania-dla-wojciecha-pawlowskiego\/p1645487-2\/'><img loading=\"lazy\" decoding=\"async\" width=\"150\" height=\"150\" src=\"https:\/\/filharmoniapoznanska.pl\/wp-content\/uploads\/2024\/02\/P1645487-150x150.jpg\" class=\"attachment-thumbnail size-thumbnail\" alt=\"\" srcset=\"https:\/\/filharmoniapoznanska.pl\/wp-content\/uploads\/2024\/02\/P1645487-150x150.jpg 150w, https:\/\/filharmoniapoznanska.pl\/wp-content\/uploads\/2024\/02\/P1645487-102x102.jpg 102w, https:\/\/filharmoniapoznanska.pl\/wp-content\/uploads\/2024\/02\/P1645487-200x200.jpg 200w\" sizes=\"auto, (max-width: 150px) 100vw, 150px\" \/><\/a>\n\t\t\t<\/dt><\/dl><dl class='gallery-item'>\n\t\t\t<dt class='gallery-icon landscape'>\n\t\t\t\t<a data-caption=\"fot. Antoni Hoffmann\" data-fancybox=\"gallery\" href='https:\/\/filharmoniapoznanska.pl\/en\/wielka-zlota-pieczec-miasta-poznania-dla-wojciecha-pawlowskiego\/p1645636-2\/'><img loading=\"lazy\" decoding=\"async\" width=\"150\" height=\"150\" src=\"https:\/\/filharmoniapoznanska.pl\/wp-content\/uploads\/2024\/02\/P1645636-150x150.jpg\" class=\"attachment-thumbnail size-thumbnail\" alt=\"\" srcset=\"https:\/\/filharmoniapoznanska.pl\/wp-content\/uploads\/2024\/02\/P1645636-150x150.jpg 150w, https:\/\/filharmoniapoznanska.pl\/wp-content\/uploads\/2024\/02\/P1645636-102x102.jpg 102w, https:\/\/filharmoniapoznanska.pl\/wp-content\/uploads\/2024\/02\/P1645636-200x200.jpg 200w\" sizes=\"auto, (max-width: 150px) 100vw, 150px\" \/><\/a>\n\t\t\t<\/dt><\/dl><dl class='gallery-item'>\n\t\t\t<dt class='gallery-icon landscape'>\n\t\t\t\t<a data-caption=\"fot. Antoni Hoffmann\" data-fancybox=\"gallery\" href='https:\/\/filharmoniapoznanska.pl\/en\/wielka-zlota-pieczec-miasta-poznania-dla-wojciecha-pawlowskiego\/p1645666-2\/'><img loading=\"lazy\" decoding=\"async\" width=\"150\" height=\"150\" src=\"https:\/\/filharmoniapoznanska.pl\/wp-content\/uploads\/2024\/02\/P1645666-150x150.jpg\" class=\"attachment-thumbnail size-thumbnail\" alt=\"\" srcset=\"https:\/\/filharmoniapoznanska.pl\/wp-content\/uploads\/2024\/02\/P1645666-150x150.jpg 150w, https:\/\/filharmoniapoznanska.pl\/wp-content\/uploads\/2024\/02\/P1645666-102x102.jpg 102w, https:\/\/filharmoniapoznanska.pl\/wp-content\/uploads\/2024\/02\/P1645666-200x200.jpg 200w\" sizes=\"auto, (max-width: 150px) 100vw, 150px\" \/><\/a>\n\t\t\t<\/dt><\/dl><dl class='gallery-item'>\n\t\t\t<dt class='gallery-icon landscape'>\n\t\t\t\t<a data-caption=\"fot. Antoni Hoffmann\" data-fancybox=\"gallery\" href='https:\/\/filharmoniapoznanska.pl\/en\/wielka-zlota-pieczec-miasta-poznania-dla-wojciecha-pawlowskiego\/p1645524-2\/'><img loading=\"lazy\" decoding=\"async\" width=\"150\" height=\"150\" src=\"https:\/\/filharmoniapoznanska.pl\/wp-content\/uploads\/2024\/02\/P1645524-150x150.jpg\" class=\"attachment-thumbnail size-thumbnail\" alt=\"\" srcset=\"https:\/\/filharmoniapoznanska.pl\/wp-content\/uploads\/2024\/02\/P1645524-150x150.jpg 150w, https:\/\/filharmoniapoznanska.pl\/wp-content\/uploads\/2024\/02\/P1645524-102x102.jpg 102w, https:\/\/filharmoniapoznanska.pl\/wp-content\/uploads\/2024\/02\/P1645524-200x200.jpg 200w\" sizes=\"auto, (max-width: 150px) 100vw, 150px\" \/><\/a>\n\t\t\t<\/dt><\/dl><dl class='gallery-item'>\n\t\t\t<dt class='gallery-icon landscape'>\n\t\t\t\t<a data-caption=\"fot. Antoni Hoffmann\" data-fancybox=\"gallery\" href='https:\/\/filharmoniapoznanska.pl\/en\/wielka-zlota-pieczec-miasta-poznania-dla-wojciecha-pawlowskiego\/p1645778-2\/'><img loading=\"lazy\" decoding=\"async\" width=\"150\" height=\"150\" src=\"https:\/\/filharmoniapoznanska.pl\/wp-content\/uploads\/2024\/02\/P1645778-150x150.jpg\" class=\"attachment-thumbnail size-thumbnail\" alt=\"\" srcset=\"https:\/\/filharmoniapoznanska.pl\/wp-content\/uploads\/2024\/02\/P1645778-150x150.jpg 150w, https:\/\/filharmoniapoznanska.pl\/wp-content\/uploads\/2024\/02\/P1645778-102x102.jpg 102w, https:\/\/filharmoniapoznanska.pl\/wp-content\/uploads\/2024\/02\/P1645778-200x200.jpg 200w\" sizes=\"auto, (max-width: 150px) 100vw, 150px\" \/><\/a>\n\t\t\t<\/dt><\/dl><dl class='gallery-item'>\n\t\t\t<dt class='gallery-icon landscape'>\n\t\t\t\t<a data-caption=\"fot. Antoni Hoffmann\" data-fancybox=\"gallery\" href='https:\/\/filharmoniapoznanska.pl\/en\/wielka-zlota-pieczec-miasta-poznania-dla-wojciecha-pawlowskiego\/p1645769-2\/'><img loading=\"lazy\" decoding=\"async\" width=\"150\" height=\"150\" src=\"https:\/\/filharmoniapoznanska.pl\/wp-content\/uploads\/2024\/02\/P1645769-150x150.jpg\" class=\"attachment-thumbnail size-thumbnail\" alt=\"\" srcset=\"https:\/\/filharmoniapoznanska.pl\/wp-content\/uploads\/2024\/02\/P1645769-150x150.jpg 150w, https:\/\/filharmoniapoznanska.pl\/wp-content\/uploads\/2024\/02\/P1645769-102x102.jpg 102w, https:\/\/filharmoniapoznanska.pl\/wp-content\/uploads\/2024\/02\/P1645769-200x200.jpg 200w\" sizes=\"auto, (max-width: 150px) 100vw, 150px\" \/><\/a>\n\t\t\t<\/dt><\/dl><dl class='gallery-item'>\n\t\t\t<dt class='gallery-icon landscape'>\n\t\t\t\t<a data-caption=\"fot. Antoni Hoffmann\" data-fancybox=\"gallery\" href='https:\/\/filharmoniapoznanska.pl\/en\/wielka-zlota-pieczec-miasta-poznania-dla-wojciecha-pawlowskiego\/p1645810-2\/'><img loading=\"lazy\" decoding=\"async\" width=\"150\" height=\"150\" src=\"https:\/\/filharmoniapoznanska.pl\/wp-content\/uploads\/2024\/02\/P1645810-150x150.jpg\" class=\"attachment-thumbnail size-thumbnail\" alt=\"\" srcset=\"https:\/\/filharmoniapoznanska.pl\/wp-content\/uploads\/2024\/02\/P1645810-150x150.jpg 150w, https:\/\/filharmoniapoznanska.pl\/wp-content\/uploads\/2024\/02\/P1645810-102x102.jpg 102w, https:\/\/filharmoniapoznanska.pl\/wp-content\/uploads\/2024\/02\/P1645810-200x200.jpg 200w\" sizes=\"auto, (max-width: 150px) 100vw, 150px\" \/><\/a>\n\t\t\t<\/dt><\/dl><br style=\"clear: both\" \/>\n\t\t<\/div>\n\n","protected":false},"excerpt":{"rendered":"<p>(\u2026) we have, amongst ourselves, an exceptional person of a format that is truly difficult to describe, and, at the same time, somebody who is simply a kind man who has chosen to share his success with people endowed with sensitivity, or with those who are grief-stricken. In Wojciech Paw\u0142owski\u2019s attitude, I perceive several values [&hellip;]<\/p>\n","protected":false},"author":7,"featured_media":0,"comment_status":"closed","ping_status":"closed","sticky":false,"template":"","format":"standard","meta":{"_acf_changed":false,"footnotes":""},"categories":[27],"tags":[],"class_list":["post-29027","post","type-post","status-publish","format-standard","hentry","category-bez-kategorii-en"],"acf":[],"yoast_head":"<!-- This site is optimized with the Yoast SEO plugin v27.3 - https:\/\/yoast.com\/product\/yoast-seo-wordpress\/ -->\n<title>Filharmonia Pozna\u0144ska GREAT GOLDEN SEAL OF THE TOWN OF POZNA\u0143 FOR WOJCIECH PAW\u0141OWSKI<\/title>\n<meta name=\"robots\" content=\"index, follow, max-snippet:-1, max-image-preview:large, max-video-preview:-1\" \/>\n<link rel=\"canonical\" href=\"https:\/\/filharmoniapoznanska.pl\/en\/wielka-zlota-pieczec-miasta-poznania-dla-wojciecha-pawlowskiego\/\" \/>\n<meta property=\"og:locale\" content=\"en_US\" \/>\n<meta property=\"og:type\" content=\"article\" \/>\n<meta property=\"og:title\" content=\"Filharmonia Pozna\u0144ska GREAT GOLDEN SEAL OF THE TOWN OF POZNA\u0143 FOR WOJCIECH PAW\u0141OWSKI\" \/>\n<meta property=\"og:description\" content=\"(\u2026) we have, amongst ourselves, an exceptional person of a format that is truly difficult to describe, and, at the same time, somebody who is simply a kind man who has chosen to share his success with people endowed with sensitivity, or with those who are grief-stricken. In Wojciech Paw\u0142owski\u2019s attitude, I perceive several values [&hellip;]\" \/>\n<meta property=\"og:url\" content=\"https:\/\/filharmoniapoznanska.pl\/en\/wielka-zlota-pieczec-miasta-poznania-dla-wojciecha-pawlowskiego\/\" \/>\n<meta property=\"og:site_name\" content=\"Filharmonia Pozna\u0144ska\" \/>\n<meta property=\"article:published_time\" content=\"2024-02-02T18:06:38+00:00\" \/>\n<meta property=\"article:modified_time\" content=\"2024-02-05T08:55:54+00:00\" \/>\n<meta property=\"og:image\" content=\"https:\/\/filharmoniapoznanska.pl\/wp-content\/uploads\/2024\/02\/P1645487-150x150.jpg\" \/>\n<meta name=\"author\" content=\"Magdalena Smieszala\" \/>\n<meta name=\"twitter:card\" content=\"summary_large_image\" \/>\n<meta name=\"twitter:label1\" content=\"Written by\" \/>\n\t<meta name=\"twitter:data1\" content=\"Magdalena Smieszala\" \/>\n\t<meta name=\"twitter:label2\" content=\"Est. reading time\" \/>\n\t<meta name=\"twitter:data2\" content=\"4 minutes\" \/>\n<script type=\"application\/ld+json\" class=\"yoast-schema-graph\">{\"@context\":\"https:\\\/\\\/schema.org\",\"@graph\":[{\"@type\":\"Article\",\"@id\":\"https:\\\/\\\/filharmoniapoznanska.pl\\\/en\\\/wielka-zlota-pieczec-miasta-poznania-dla-wojciecha-pawlowskiego\\\/#article\",\"isPartOf\":{\"@id\":\"https:\\\/\\\/filharmoniapoznanska.pl\\\/en\\\/wielka-zlota-pieczec-miasta-poznania-dla-wojciecha-pawlowskiego\\\/\"},\"author\":{\"name\":\"Magdalena Smieszala\",\"@id\":\"https:\\\/\\\/filharmoniapoznanska.pl\\\/#\\\/schema\\\/person\\\/1275f5e642860ca78155117b935a25f6\"},\"headline\":\"GREAT GOLDEN SEAL OF THE TOWN OF POZNA\u0143 FOR WOJCIECH PAW\u0141OWSKI\",\"datePublished\":\"2024-02-02T18:06:38+00:00\",\"dateModified\":\"2024-02-05T08:55:54+00:00\",\"mainEntityOfPage\":{\"@id\":\"https:\\\/\\\/filharmoniapoznanska.pl\\\/en\\\/wielka-zlota-pieczec-miasta-poznania-dla-wojciecha-pawlowskiego\\\/\"},\"wordCount\":538,\"articleSection\":[\"Bez kategorii\"],\"inLanguage\":\"en-US\"},{\"@type\":\"WebPage\",\"@id\":\"https:\\\/\\\/filharmoniapoznanska.pl\\\/en\\\/wielka-zlota-pieczec-miasta-poznania-dla-wojciecha-pawlowskiego\\\/\",\"url\":\"https:\\\/\\\/filharmoniapoznanska.pl\\\/en\\\/wielka-zlota-pieczec-miasta-poznania-dla-wojciecha-pawlowskiego\\\/\",\"name\":\"Filharmonia Pozna\u0144ska GREAT GOLDEN SEAL OF THE TOWN OF POZNA\u0143 FOR WOJCIECH PAW\u0141OWSKI\",\"isPartOf\":{\"@id\":\"https:\\\/\\\/filharmoniapoznanska.pl\\\/#website\"},\"datePublished\":\"2024-02-02T18:06:38+00:00\",\"dateModified\":\"2024-02-05T08:55:54+00:00\",\"author\":{\"@id\":\"https:\\\/\\\/filharmoniapoznanska.pl\\\/#\\\/schema\\\/person\\\/1275f5e642860ca78155117b935a25f6\"},\"breadcrumb\":{\"@id\":\"https:\\\/\\\/filharmoniapoznanska.pl\\\/en\\\/wielka-zlota-pieczec-miasta-poznania-dla-wojciecha-pawlowskiego\\\/#breadcrumb\"},\"inLanguage\":\"en-US\",\"potentialAction\":[{\"@type\":\"ReadAction\",\"target\":[\"https:\\\/\\\/filharmoniapoznanska.pl\\\/en\\\/wielka-zlota-pieczec-miasta-poznania-dla-wojciecha-pawlowskiego\\\/\"]}]},{\"@type\":\"BreadcrumbList\",\"@id\":\"https:\\\/\\\/filharmoniapoznanska.pl\\\/en\\\/wielka-zlota-pieczec-miasta-poznania-dla-wojciecha-pawlowskiego\\\/#breadcrumb\",\"itemListElement\":[{\"@type\":\"ListItem\",\"position\":1,\"name\":\"Strona g\u0142\u00f3wna\",\"item\":\"https:\\\/\\\/filharmoniapoznanska.pl\\\/en\\\/\"},{\"@type\":\"ListItem\",\"position\":2,\"name\":\"GREAT GOLDEN SEAL OF THE TOWN OF POZNA\u0143 FOR WOJCIECH PAW\u0141OWSKI\"}]},{\"@type\":\"WebSite\",\"@id\":\"https:\\\/\\\/filharmoniapoznanska.pl\\\/#website\",\"url\":\"https:\\\/\\\/filharmoniapoznanska.pl\\\/\",\"name\":\"Filharmonia Pozna\u0144ska\",\"description\":\"\",\"potentialAction\":[{\"@type\":\"SearchAction\",\"target\":{\"@type\":\"EntryPoint\",\"urlTemplate\":\"https:\\\/\\\/filharmoniapoznanska.pl\\\/?s={search_term_string}\"},\"query-input\":{\"@type\":\"PropertyValueSpecification\",\"valueRequired\":true,\"valueName\":\"search_term_string\"}}],\"inLanguage\":\"en-US\"},{\"@type\":\"Person\",\"@id\":\"https:\\\/\\\/filharmoniapoznanska.pl\\\/#\\\/schema\\\/person\\\/1275f5e642860ca78155117b935a25f6\",\"name\":\"Magdalena Smieszala\",\"image\":{\"@type\":\"ImageObject\",\"inLanguage\":\"en-US\",\"@id\":\"https:\\\/\\\/secure.gravatar.com\\\/avatar\\\/5818fe0ddbba1db9e999fe5475b267cc756422dd89bc49754cb83cb8a6b24656?s=96&d=mm&r=g\",\"url\":\"https:\\\/\\\/secure.gravatar.com\\\/avatar\\\/5818fe0ddbba1db9e999fe5475b267cc756422dd89bc49754cb83cb8a6b24656?s=96&d=mm&r=g\",\"contentUrl\":\"https:\\\/\\\/secure.gravatar.com\\\/avatar\\\/5818fe0ddbba1db9e999fe5475b267cc756422dd89bc49754cb83cb8a6b24656?s=96&d=mm&r=g\",\"caption\":\"Magdalena Smieszala\"}}]}<\/script>\n<!-- \/ Yoast SEO plugin. -->","yoast_head_json":{"title":"Filharmonia Pozna\u0144ska GREAT GOLDEN SEAL OF THE TOWN OF POZNA\u0143 FOR WOJCIECH PAW\u0141OWSKI","robots":{"index":"index","follow":"follow","max-snippet":"max-snippet:-1","max-image-preview":"max-image-preview:large","max-video-preview":"max-video-preview:-1"},"canonical":"https:\/\/filharmoniapoznanska.pl\/en\/wielka-zlota-pieczec-miasta-poznania-dla-wojciecha-pawlowskiego\/","og_locale":"en_US","og_type":"article","og_title":"Filharmonia Pozna\u0144ska GREAT GOLDEN SEAL OF THE TOWN OF POZNA\u0143 FOR WOJCIECH PAW\u0141OWSKI","og_description":"(\u2026) we have, amongst ourselves, an exceptional person of a format that is truly difficult to describe, and, at the same time, somebody who is simply a kind man who has chosen to share his success with people endowed with sensitivity, or with those who are grief-stricken. In Wojciech Paw\u0142owski\u2019s attitude, I perceive several values [&hellip;]","og_url":"https:\/\/filharmoniapoznanska.pl\/en\/wielka-zlota-pieczec-miasta-poznania-dla-wojciecha-pawlowskiego\/","og_site_name":"Filharmonia Pozna\u0144ska","article_published_time":"2024-02-02T18:06:38+00:00","article_modified_time":"2024-02-05T08:55:54+00:00","og_image":[{"url":"https:\/\/filharmoniapoznanska.pl\/wp-content\/uploads\/2024\/02\/P1645487-150x150.jpg","type":"","width":"","height":""}],"author":"Magdalena Smieszala","twitter_card":"summary_large_image","twitter_misc":{"Written by":"Magdalena Smieszala","Est. reading time":"4 minutes"},"schema":{"@context":"https:\/\/schema.org","@graph":[{"@type":"Article","@id":"https:\/\/filharmoniapoznanska.pl\/en\/wielka-zlota-pieczec-miasta-poznania-dla-wojciecha-pawlowskiego\/#article","isPartOf":{"@id":"https:\/\/filharmoniapoznanska.pl\/en\/wielka-zlota-pieczec-miasta-poznania-dla-wojciecha-pawlowskiego\/"},"author":{"name":"Magdalena Smieszala","@id":"https:\/\/filharmoniapoznanska.pl\/#\/schema\/person\/1275f5e642860ca78155117b935a25f6"},"headline":"GREAT GOLDEN SEAL OF THE TOWN OF POZNA\u0143 FOR WOJCIECH PAW\u0141OWSKI","datePublished":"2024-02-02T18:06:38+00:00","dateModified":"2024-02-05T08:55:54+00:00","mainEntityOfPage":{"@id":"https:\/\/filharmoniapoznanska.pl\/en\/wielka-zlota-pieczec-miasta-poznania-dla-wojciecha-pawlowskiego\/"},"wordCount":538,"articleSection":["Bez kategorii"],"inLanguage":"en-US"},{"@type":"WebPage","@id":"https:\/\/filharmoniapoznanska.pl\/en\/wielka-zlota-pieczec-miasta-poznania-dla-wojciecha-pawlowskiego\/","url":"https:\/\/filharmoniapoznanska.pl\/en\/wielka-zlota-pieczec-miasta-poznania-dla-wojciecha-pawlowskiego\/","name":"Filharmonia Pozna\u0144ska GREAT GOLDEN SEAL OF THE TOWN OF POZNA\u0143 FOR WOJCIECH PAW\u0141OWSKI","isPartOf":{"@id":"https:\/\/filharmoniapoznanska.pl\/#website"},"datePublished":"2024-02-02T18:06:38+00:00","dateModified":"2024-02-05T08:55:54+00:00","author":{"@id":"https:\/\/filharmoniapoznanska.pl\/#\/schema\/person\/1275f5e642860ca78155117b935a25f6"},"breadcrumb":{"@id":"https:\/\/filharmoniapoznanska.pl\/en\/wielka-zlota-pieczec-miasta-poznania-dla-wojciecha-pawlowskiego\/#breadcrumb"},"inLanguage":"en-US","potentialAction":[{"@type":"ReadAction","target":["https:\/\/filharmoniapoznanska.pl\/en\/wielka-zlota-pieczec-miasta-poznania-dla-wojciecha-pawlowskiego\/"]}]},{"@type":"BreadcrumbList","@id":"https:\/\/filharmoniapoznanska.pl\/en\/wielka-zlota-pieczec-miasta-poznania-dla-wojciecha-pawlowskiego\/#breadcrumb","itemListElement":[{"@type":"ListItem","position":1,"name":"Strona g\u0142\u00f3wna","item":"https:\/\/filharmoniapoznanska.pl\/en\/"},{"@type":"ListItem","position":2,"name":"GREAT GOLDEN SEAL OF THE TOWN OF POZNA\u0143 FOR WOJCIECH PAW\u0141OWSKI"}]},{"@type":"WebSite","@id":"https:\/\/filharmoniapoznanska.pl\/#website","url":"https:\/\/filharmoniapoznanska.pl\/","name":"Filharmonia Pozna\u0144ska","description":"","potentialAction":[{"@type":"SearchAction","target":{"@type":"EntryPoint","urlTemplate":"https:\/\/filharmoniapoznanska.pl\/?s={search_term_string}"},"query-input":{"@type":"PropertyValueSpecification","valueRequired":true,"valueName":"search_term_string"}}],"inLanguage":"en-US"},{"@type":"Person","@id":"https:\/\/filharmoniapoznanska.pl\/#\/schema\/person\/1275f5e642860ca78155117b935a25f6","name":"Magdalena Smieszala","image":{"@type":"ImageObject","inLanguage":"en-US","@id":"https:\/\/secure.gravatar.com\/avatar\/5818fe0ddbba1db9e999fe5475b267cc756422dd89bc49754cb83cb8a6b24656?s=96&d=mm&r=g","url":"https:\/\/secure.gravatar.com\/avatar\/5818fe0ddbba1db9e999fe5475b267cc756422dd89bc49754cb83cb8a6b24656?s=96&d=mm&r=g","contentUrl":"https:\/\/secure.gravatar.com\/avatar\/5818fe0ddbba1db9e999fe5475b267cc756422dd89bc49754cb83cb8a6b24656?s=96&d=mm&r=g","caption":"Magdalena Smieszala"}}]}},"_links":{"self":[{"href":"https:\/\/filharmoniapoznanska.pl\/en\/wp-json\/wp\/v2\/posts\/29027","targetHints":{"allow":["GET"]}}],"collection":[{"href":"https:\/\/filharmoniapoznanska.pl\/en\/wp-json\/wp\/v2\/posts"}],"about":[{"href":"https:\/\/filharmoniapoznanska.pl\/en\/wp-json\/wp\/v2\/types\/post"}],"author":[{"embeddable":true,"href":"https:\/\/filharmoniapoznanska.pl\/en\/wp-json\/wp\/v2\/users\/7"}],"replies":[{"embeddable":true,"href":"https:\/\/filharmoniapoznanska.pl\/en\/wp-json\/wp\/v2\/comments?post=29027"}],"version-history":[{"count":2,"href":"https:\/\/filharmoniapoznanska.pl\/en\/wp-json\/wp\/v2\/posts\/29027\/revisions"}],"predecessor-version":[{"id":29029,"href":"https:\/\/filharmoniapoznanska.pl\/en\/wp-json\/wp\/v2\/posts\/29027\/revisions\/29029"}],"wp:attachment":[{"href":"https:\/\/filharmoniapoznanska.pl\/en\/wp-json\/wp\/v2\/media?parent=29027"}],"wp:term":[{"taxonomy":"category","embeddable":true,"href":"https:\/\/filharmoniapoznanska.pl\/en\/wp-json\/wp\/v2\/categories?post=29027"},{"taxonomy":"post_tag","embeddable":true,"href":"https:\/\/filharmoniapoznanska.pl\/en\/wp-json\/wp\/v2\/tags?post=29027"}],"curies":[{"name":"wp","href":"https:\/\/api.w.org\/{rel}","templated":true}]}}