{"id":28488,"date":"2023-12-12T18:34:05","date_gmt":"2023-12-12T17:34:05","guid":{"rendered":"https:\/\/filharmoniapoznanska.pl\/beethovenowskie-wyroznienie-dla-filharmonii-poznanskiej\/"},"modified":"2023-12-12T20:42:12","modified_gmt":"2023-12-12T19:42:12","slug":"beethovenowskie-wyroznienie-dla-filharmonii-poznanskiej","status":"publish","type":"post","link":"https:\/\/filharmoniapoznanska.pl\/en\/beethovenowskie-wyroznienie-dla-filharmonii-poznanskiej\/","title":{"rendered":"BEETHOVEN DISTINCTION FOR POZNA\u0143 PHILHARMONIC"},"content":{"rendered":"<p>Ludwig van Beethoven Association celebrates its 20th anniversary. To mark the occasion, a gala was held at the Senate Hall of Wawel Royal Castle in Krakow on Monday evening (11 December). Its programme featured a performance by Polish Radio Choir in Lus\u0142awice conducted by Maciej Tworek, and a piano recital by \u0141ukasz Krupi\u0144ski.<\/p>\n<p>During the ceremony, in recognition of the services rendered for the promotion of classical music, by decision of the President of the Republic of Poland, El\u017cbieta Penderecka, Chair of the Board of Ludwig van Beethoven Association, and General Manager of Ludwig van Beethoven Easter Festival, was presented with the Commander\u2019s Cross with Star of the Order of Polonia Restituta, while Andrzej Giza, Executive Manager of Ludwig van Beethoven Association, received the Knight\u2019s Cross of the Order of Polonia Restituta.<\/p>\n<p>Partners of Ludwig van Beethoven Association were awarded commemorative diplomas. The list of twenty institutions (incl. the National Opera, Polish Radio National Symphony Orchestra, Krakow Philharmonic, or Beethoven Academy Orchestra) recognised by the Beethoven Association for particularly effective collaboration, also features the Pozna\u0144 Philharmonic.<\/p>\n<p>&nbsp;<\/p>\n\n\t\t<style type=\"text\/css\">\n\t\t\t#gallery-1 {\n\t\t\t\tmargin: auto;\n\t\t\t}\n\t\t\t#gallery-1 .gallery-item {\n\t\t\t\tfloat: left;\n\t\t\t\tmargin-top: 10px;\n\t\t\t\ttext-align: center;\n\t\t\t\twidth: 33%;\n\t\t\t}\n\t\t\t#gallery-1 img {\n\t\t\t\tborder: 2px solid #cfcfcf;\n\t\t\t}\n\t\t\t#gallery-1 .gallery-caption {\n\t\t\t\tmargin-left: 0;\n\t\t\t}\n\t\t\t\/* see gallery_shortcode() in wp-includes\/media.php *\/\n\t\t<\/style>\n\t\t<div id='gallery-1' class='gallery galleryid-28488 gallery-columns-3 gallery-size-thumbnail'><dl class='gallery-item'>\n\t\t\t<dt class='gallery-icon landscape'>\n\t\t\t\t<a data-caption=\"\" data-fancybox=\"gallery\" href='https:\/\/filharmoniapoznanska.pl\/en\/beethovenowskie-wyroznienie-dla-filharmonii-poznanskiej\/_pzm7812_231212880-2\/'><img loading=\"lazy\" decoding=\"async\" width=\"150\" height=\"150\" src=\"https:\/\/filharmoniapoznanska.pl\/wp-content\/uploads\/2023\/12\/PZM7812_231212880-150x150.jpg\" class=\"attachment-thumbnail size-thumbnail\" alt=\"\" srcset=\"https:\/\/filharmoniapoznanska.pl\/wp-content\/uploads\/2023\/12\/PZM7812_231212880-150x150.jpg 150w, https:\/\/filharmoniapoznanska.pl\/wp-content\/uploads\/2023\/12\/PZM7812_231212880-102x102.jpg 102w, https:\/\/filharmoniapoznanska.pl\/wp-content\/uploads\/2023\/12\/PZM7812_231212880-200x200.jpg 200w\" sizes=\"auto, (max-width: 150px) 100vw, 150px\" \/><\/a>\n\t\t\t<\/dt><\/dl><dl class='gallery-item'>\n\t\t\t<dt class='gallery-icon landscape'>\n\t\t\t\t<a data-caption=\"\" data-fancybox=\"gallery\" href='https:\/\/filharmoniapoznanska.pl\/en\/beethovenowskie-wyroznienie-dla-filharmonii-poznanskiej\/_pzm8329_231212885-2\/'><img loading=\"lazy\" decoding=\"async\" width=\"150\" height=\"150\" src=\"https:\/\/filharmoniapoznanska.pl\/wp-content\/uploads\/2023\/12\/PZM8329_231212885-150x150.jpg\" class=\"attachment-thumbnail size-thumbnail\" alt=\"\" srcset=\"https:\/\/filharmoniapoznanska.pl\/wp-content\/uploads\/2023\/12\/PZM8329_231212885-150x150.jpg 150w, https:\/\/filharmoniapoznanska.pl\/wp-content\/uploads\/2023\/12\/PZM8329_231212885-300x300.jpg 300w, https:\/\/filharmoniapoznanska.pl\/wp-content\/uploads\/2023\/12\/PZM8329_231212885-102x102.jpg 102w, https:\/\/filharmoniapoznanska.pl\/wp-content\/uploads\/2023\/12\/PZM8329_231212885-200x200.jpg 200w, https:\/\/filharmoniapoznanska.pl\/wp-content\/uploads\/2023\/12\/PZM8329_231212885-370x370.jpg 370w, https:\/\/filharmoniapoznanska.pl\/wp-content\/uploads\/2023\/12\/PZM8329_231212885-740x740.jpg 740w, https:\/\/filharmoniapoznanska.pl\/wp-content\/uploads\/2023\/12\/PZM8329_231212885.jpg 750w\" sizes=\"auto, (max-width: 150px) 100vw, 150px\" \/><\/a>\n\t\t\t<\/dt><\/dl><dl class='gallery-item'>\n\t\t\t<dt class='gallery-icon landscape'>\n\t\t\t\t<a data-caption=\"\" data-fancybox=\"gallery\" href='https:\/\/filharmoniapoznanska.pl\/en\/beethovenowskie-wyroznienie-dla-filharmonii-poznanskiej\/_pzm9313_231212905-2\/'><img loading=\"lazy\" decoding=\"async\" width=\"150\" height=\"150\" src=\"https:\/\/filharmoniapoznanska.pl\/wp-content\/uploads\/2023\/12\/PZM9313_231212905-150x150.jpg\" class=\"attachment-thumbnail size-thumbnail\" alt=\"\" srcset=\"https:\/\/filharmoniapoznanska.pl\/wp-content\/uploads\/2023\/12\/PZM9313_231212905-150x150.jpg 150w, https:\/\/filharmoniapoznanska.pl\/wp-content\/uploads\/2023\/12\/PZM9313_231212905-300x300.jpg 300w, https:\/\/filharmoniapoznanska.pl\/wp-content\/uploads\/2023\/12\/PZM9313_231212905-102x102.jpg 102w, https:\/\/filharmoniapoznanska.pl\/wp-content\/uploads\/2023\/12\/PZM9313_231212905-200x200.jpg 200w, https:\/\/filharmoniapoznanska.pl\/wp-content\/uploads\/2023\/12\/PZM9313_231212905-370x370.jpg 370w, https:\/\/filharmoniapoznanska.pl\/wp-content\/uploads\/2023\/12\/PZM9313_231212905-740x740.jpg 740w, https:\/\/filharmoniapoznanska.pl\/wp-content\/uploads\/2023\/12\/PZM9313_231212905.jpg 750w\" sizes=\"auto, (max-width: 150px) 100vw, 150px\" \/><\/a>\n\t\t\t<\/dt><\/dl><br style=\"clear: both\" \/>\n\t\t<\/div>\n\n","protected":false},"excerpt":{"rendered":"<p>Ludwig van Beethoven Association celebrates its 20th anniversary. To mark the occasion, a gala was held at the Senate Hall of Wawel Royal Castle in Krakow on Monday evening (11 December). Its programme featured a performance by Polish Radio Choir in Lus\u0142awice conducted by Maciej Tworek, and a piano recital by \u0141ukasz Krupi\u0144ski. During the [&hellip;]<\/p>\n","protected":false},"author":7,"featured_media":0,"comment_status":"closed","ping_status":"closed","sticky":false,"template":"","format":"standard","meta":{"_acf_changed":false,"footnotes":""},"categories":[27],"tags":[],"class_list":["post-28488","post","type-post","status-publish","format-standard","hentry","category-bez-kategorii-en"],"acf":[],"yoast_head":"<!-- This site is optimized with the Yoast SEO plugin v27.3 - https:\/\/yoast.com\/product\/yoast-seo-wordpress\/ -->\n<title>Filharmonia Pozna\u0144ska BEETHOVEN DISTINCTION FOR POZNA\u0143 PHILHARMONIC<\/title>\n<meta name=\"robots\" content=\"index, follow, max-snippet:-1, max-image-preview:large, max-video-preview:-1\" \/>\n<link rel=\"canonical\" href=\"https:\/\/filharmoniapoznanska.pl\/en\/beethovenowskie-wyroznienie-dla-filharmonii-poznanskiej\/\" \/>\n<meta property=\"og:locale\" content=\"en_US\" \/>\n<meta property=\"og:type\" content=\"article\" \/>\n<meta property=\"og:title\" content=\"Filharmonia Pozna\u0144ska BEETHOVEN DISTINCTION FOR POZNA\u0143 PHILHARMONIC\" \/>\n<meta property=\"og:description\" content=\"Ludwig van Beethoven Association celebrates its 20th anniversary. To mark the occasion, a gala was held at the Senate Hall of Wawel Royal Castle in Krakow on Monday evening (11 December). Its programme featured a performance by Polish Radio Choir in Lus\u0142awice conducted by Maciej Tworek, and a piano recital by \u0141ukasz Krupi\u0144ski. During the [&hellip;]\" \/>\n<meta property=\"og:url\" content=\"https:\/\/filharmoniapoznanska.pl\/en\/beethovenowskie-wyroznienie-dla-filharmonii-poznanskiej\/\" \/>\n<meta property=\"og:site_name\" content=\"Filharmonia Pozna\u0144ska\" \/>\n<meta property=\"article:published_time\" content=\"2023-12-12T17:34:05+00:00\" \/>\n<meta property=\"article:modified_time\" content=\"2023-12-12T19:42:12+00:00\" \/>\n<meta property=\"og:image\" content=\"https:\/\/filharmoniapoznanska.pl\/wp-content\/uploads\/2023\/12\/PZM7812_231212880-150x150.jpg\" \/>\n<meta name=\"author\" content=\"Magdalena Smieszala\" \/>\n<meta name=\"twitter:card\" content=\"summary_large_image\" \/>\n<meta name=\"twitter:label1\" content=\"Written by\" \/>\n\t<meta name=\"twitter:data1\" content=\"Magdalena Smieszala\" \/>\n\t<meta name=\"twitter:label2\" content=\"Est. reading time\" \/>\n\t<meta name=\"twitter:data2\" content=\"2 minutes\" \/>\n<script type=\"application\/ld+json\" class=\"yoast-schema-graph\">{\"@context\":\"https:\\\/\\\/schema.org\",\"@graph\":[{\"@type\":\"Article\",\"@id\":\"https:\\\/\\\/filharmoniapoznanska.pl\\\/en\\\/beethovenowskie-wyroznienie-dla-filharmonii-poznanskiej\\\/#article\",\"isPartOf\":{\"@id\":\"https:\\\/\\\/filharmoniapoznanska.pl\\\/en\\\/beethovenowskie-wyroznienie-dla-filharmonii-poznanskiej\\\/\"},\"author\":{\"name\":\"Magdalena Smieszala\",\"@id\":\"https:\\\/\\\/filharmoniapoznanska.pl\\\/#\\\/schema\\\/person\\\/1275f5e642860ca78155117b935a25f6\"},\"headline\":\"BEETHOVEN DISTINCTION FOR POZNA\u0143 PHILHARMONIC\",\"datePublished\":\"2023-12-12T17:34:05+00:00\",\"dateModified\":\"2023-12-12T19:42:12+00:00\",\"mainEntityOfPage\":{\"@id\":\"https:\\\/\\\/filharmoniapoznanska.pl\\\/en\\\/beethovenowskie-wyroznienie-dla-filharmonii-poznanskiej\\\/\"},\"wordCount\":188,\"articleSection\":[\"Bez kategorii\"],\"inLanguage\":\"en-US\"},{\"@type\":\"WebPage\",\"@id\":\"https:\\\/\\\/filharmoniapoznanska.pl\\\/en\\\/beethovenowskie-wyroznienie-dla-filharmonii-poznanskiej\\\/\",\"url\":\"https:\\\/\\\/filharmoniapoznanska.pl\\\/en\\\/beethovenowskie-wyroznienie-dla-filharmonii-poznanskiej\\\/\",\"name\":\"Filharmonia Pozna\u0144ska BEETHOVEN DISTINCTION FOR POZNA\u0143 PHILHARMONIC\",\"isPartOf\":{\"@id\":\"https:\\\/\\\/filharmoniapoznanska.pl\\\/#website\"},\"datePublished\":\"2023-12-12T17:34:05+00:00\",\"dateModified\":\"2023-12-12T19:42:12+00:00\",\"author\":{\"@id\":\"https:\\\/\\\/filharmoniapoznanska.pl\\\/#\\\/schema\\\/person\\\/1275f5e642860ca78155117b935a25f6\"},\"breadcrumb\":{\"@id\":\"https:\\\/\\\/filharmoniapoznanska.pl\\\/en\\\/beethovenowskie-wyroznienie-dla-filharmonii-poznanskiej\\\/#breadcrumb\"},\"inLanguage\":\"en-US\",\"potentialAction\":[{\"@type\":\"ReadAction\",\"target\":[\"https:\\\/\\\/filharmoniapoznanska.pl\\\/en\\\/beethovenowskie-wyroznienie-dla-filharmonii-poznanskiej\\\/\"]}]},{\"@type\":\"BreadcrumbList\",\"@id\":\"https:\\\/\\\/filharmoniapoznanska.pl\\\/en\\\/beethovenowskie-wyroznienie-dla-filharmonii-poznanskiej\\\/#breadcrumb\",\"itemListElement\":[{\"@type\":\"ListItem\",\"position\":1,\"name\":\"Strona g\u0142\u00f3wna\",\"item\":\"https:\\\/\\\/filharmoniapoznanska.pl\\\/en\\\/\"},{\"@type\":\"ListItem\",\"position\":2,\"name\":\"BEETHOVEN DISTINCTION FOR POZNA\u0143 PHILHARMONIC\"}]},{\"@type\":\"WebSite\",\"@id\":\"https:\\\/\\\/filharmoniapoznanska.pl\\\/#website\",\"url\":\"https:\\\/\\\/filharmoniapoznanska.pl\\\/\",\"name\":\"Filharmonia Pozna\u0144ska\",\"description\":\"\",\"potentialAction\":[{\"@type\":\"SearchAction\",\"target\":{\"@type\":\"EntryPoint\",\"urlTemplate\":\"https:\\\/\\\/filharmoniapoznanska.pl\\\/?s={search_term_string}\"},\"query-input\":{\"@type\":\"PropertyValueSpecification\",\"valueRequired\":true,\"valueName\":\"search_term_string\"}}],\"inLanguage\":\"en-US\"},{\"@type\":\"Person\",\"@id\":\"https:\\\/\\\/filharmoniapoznanska.pl\\\/#\\\/schema\\\/person\\\/1275f5e642860ca78155117b935a25f6\",\"name\":\"Magdalena Smieszala\",\"image\":{\"@type\":\"ImageObject\",\"inLanguage\":\"en-US\",\"@id\":\"https:\\\/\\\/secure.gravatar.com\\\/avatar\\\/5818fe0ddbba1db9e999fe5475b267cc756422dd89bc49754cb83cb8a6b24656?s=96&d=mm&r=g\",\"url\":\"https:\\\/\\\/secure.gravatar.com\\\/avatar\\\/5818fe0ddbba1db9e999fe5475b267cc756422dd89bc49754cb83cb8a6b24656?s=96&d=mm&r=g\",\"contentUrl\":\"https:\\\/\\\/secure.gravatar.com\\\/avatar\\\/5818fe0ddbba1db9e999fe5475b267cc756422dd89bc49754cb83cb8a6b24656?s=96&d=mm&r=g\",\"caption\":\"Magdalena Smieszala\"}}]}<\/script>\n<!-- \/ Yoast SEO plugin. -->","yoast_head_json":{"title":"Filharmonia Pozna\u0144ska BEETHOVEN DISTINCTION FOR POZNA\u0143 PHILHARMONIC","robots":{"index":"index","follow":"follow","max-snippet":"max-snippet:-1","max-image-preview":"max-image-preview:large","max-video-preview":"max-video-preview:-1"},"canonical":"https:\/\/filharmoniapoznanska.pl\/en\/beethovenowskie-wyroznienie-dla-filharmonii-poznanskiej\/","og_locale":"en_US","og_type":"article","og_title":"Filharmonia Pozna\u0144ska BEETHOVEN DISTINCTION FOR POZNA\u0143 PHILHARMONIC","og_description":"Ludwig van Beethoven Association celebrates its 20th anniversary. To mark the occasion, a gala was held at the Senate Hall of Wawel Royal Castle in Krakow on Monday evening (11 December). Its programme featured a performance by Polish Radio Choir in Lus\u0142awice conducted by Maciej Tworek, and a piano recital by \u0141ukasz Krupi\u0144ski. During the [&hellip;]","og_url":"https:\/\/filharmoniapoznanska.pl\/en\/beethovenowskie-wyroznienie-dla-filharmonii-poznanskiej\/","og_site_name":"Filharmonia Pozna\u0144ska","article_published_time":"2023-12-12T17:34:05+00:00","article_modified_time":"2023-12-12T19:42:12+00:00","og_image":[{"url":"https:\/\/filharmoniapoznanska.pl\/wp-content\/uploads\/2023\/12\/PZM7812_231212880-150x150.jpg","type":"","width":"","height":""}],"author":"Magdalena Smieszala","twitter_card":"summary_large_image","twitter_misc":{"Written by":"Magdalena Smieszala","Est. reading time":"2 minutes"},"schema":{"@context":"https:\/\/schema.org","@graph":[{"@type":"Article","@id":"https:\/\/filharmoniapoznanska.pl\/en\/beethovenowskie-wyroznienie-dla-filharmonii-poznanskiej\/#article","isPartOf":{"@id":"https:\/\/filharmoniapoznanska.pl\/en\/beethovenowskie-wyroznienie-dla-filharmonii-poznanskiej\/"},"author":{"name":"Magdalena Smieszala","@id":"https:\/\/filharmoniapoznanska.pl\/#\/schema\/person\/1275f5e642860ca78155117b935a25f6"},"headline":"BEETHOVEN DISTINCTION FOR POZNA\u0143 PHILHARMONIC","datePublished":"2023-12-12T17:34:05+00:00","dateModified":"2023-12-12T19:42:12+00:00","mainEntityOfPage":{"@id":"https:\/\/filharmoniapoznanska.pl\/en\/beethovenowskie-wyroznienie-dla-filharmonii-poznanskiej\/"},"wordCount":188,"articleSection":["Bez kategorii"],"inLanguage":"en-US"},{"@type":"WebPage","@id":"https:\/\/filharmoniapoznanska.pl\/en\/beethovenowskie-wyroznienie-dla-filharmonii-poznanskiej\/","url":"https:\/\/filharmoniapoznanska.pl\/en\/beethovenowskie-wyroznienie-dla-filharmonii-poznanskiej\/","name":"Filharmonia Pozna\u0144ska BEETHOVEN DISTINCTION FOR POZNA\u0143 PHILHARMONIC","isPartOf":{"@id":"https:\/\/filharmoniapoznanska.pl\/#website"},"datePublished":"2023-12-12T17:34:05+00:00","dateModified":"2023-12-12T19:42:12+00:00","author":{"@id":"https:\/\/filharmoniapoznanska.pl\/#\/schema\/person\/1275f5e642860ca78155117b935a25f6"},"breadcrumb":{"@id":"https:\/\/filharmoniapoznanska.pl\/en\/beethovenowskie-wyroznienie-dla-filharmonii-poznanskiej\/#breadcrumb"},"inLanguage":"en-US","potentialAction":[{"@type":"ReadAction","target":["https:\/\/filharmoniapoznanska.pl\/en\/beethovenowskie-wyroznienie-dla-filharmonii-poznanskiej\/"]}]},{"@type":"BreadcrumbList","@id":"https:\/\/filharmoniapoznanska.pl\/en\/beethovenowskie-wyroznienie-dla-filharmonii-poznanskiej\/#breadcrumb","itemListElement":[{"@type":"ListItem","position":1,"name":"Strona g\u0142\u00f3wna","item":"https:\/\/filharmoniapoznanska.pl\/en\/"},{"@type":"ListItem","position":2,"name":"BEETHOVEN DISTINCTION FOR POZNA\u0143 PHILHARMONIC"}]},{"@type":"WebSite","@id":"https:\/\/filharmoniapoznanska.pl\/#website","url":"https:\/\/filharmoniapoznanska.pl\/","name":"Filharmonia Pozna\u0144ska","description":"","potentialAction":[{"@type":"SearchAction","target":{"@type":"EntryPoint","urlTemplate":"https:\/\/filharmoniapoznanska.pl\/?s={search_term_string}"},"query-input":{"@type":"PropertyValueSpecification","valueRequired":true,"valueName":"search_term_string"}}],"inLanguage":"en-US"},{"@type":"Person","@id":"https:\/\/filharmoniapoznanska.pl\/#\/schema\/person\/1275f5e642860ca78155117b935a25f6","name":"Magdalena Smieszala","image":{"@type":"ImageObject","inLanguage":"en-US","@id":"https:\/\/secure.gravatar.com\/avatar\/5818fe0ddbba1db9e999fe5475b267cc756422dd89bc49754cb83cb8a6b24656?s=96&d=mm&r=g","url":"https:\/\/secure.gravatar.com\/avatar\/5818fe0ddbba1db9e999fe5475b267cc756422dd89bc49754cb83cb8a6b24656?s=96&d=mm&r=g","contentUrl":"https:\/\/secure.gravatar.com\/avatar\/5818fe0ddbba1db9e999fe5475b267cc756422dd89bc49754cb83cb8a6b24656?s=96&d=mm&r=g","caption":"Magdalena Smieszala"}}]}},"_links":{"self":[{"href":"https:\/\/filharmoniapoznanska.pl\/en\/wp-json\/wp\/v2\/posts\/28488","targetHints":{"allow":["GET"]}}],"collection":[{"href":"https:\/\/filharmoniapoznanska.pl\/en\/wp-json\/wp\/v2\/posts"}],"about":[{"href":"https:\/\/filharmoniapoznanska.pl\/en\/wp-json\/wp\/v2\/types\/post"}],"author":[{"embeddable":true,"href":"https:\/\/filharmoniapoznanska.pl\/en\/wp-json\/wp\/v2\/users\/7"}],"replies":[{"embeddable":true,"href":"https:\/\/filharmoniapoznanska.pl\/en\/wp-json\/wp\/v2\/comments?post=28488"}],"version-history":[{"count":2,"href":"https:\/\/filharmoniapoznanska.pl\/en\/wp-json\/wp\/v2\/posts\/28488\/revisions"}],"predecessor-version":[{"id":28490,"href":"https:\/\/filharmoniapoznanska.pl\/en\/wp-json\/wp\/v2\/posts\/28488\/revisions\/28490"}],"wp:attachment":[{"href":"https:\/\/filharmoniapoznanska.pl\/en\/wp-json\/wp\/v2\/media?parent=28488"}],"wp:term":[{"taxonomy":"category","embeddable":true,"href":"https:\/\/filharmoniapoznanska.pl\/en\/wp-json\/wp\/v2\/categories?post=28488"},{"taxonomy":"post_tag","embeddable":true,"href":"https:\/\/filharmoniapoznanska.pl\/en\/wp-json\/wp\/v2\/tags?post=28488"}],"curies":[{"name":"wp","href":"https:\/\/api.w.org\/{rel}","templated":true}]}}