{"id":28069,"date":"2023-10-16T22:57:18","date_gmt":"2023-10-16T20:57:18","guid":{"rendered":"https:\/\/filharmoniapoznanska.pl\/wojciech-pawlowski-doktorem-honoris-causa-akademii-muzycznej-w-poznaniu\/"},"modified":"2023-10-25T14:22:31","modified_gmt":"2023-10-25T12:22:31","slug":"wojciech-pawlowski-doktorem-honoris-causa-akademii-muzycznej-w-poznaniu","status":"publish","type":"post","link":"https:\/\/filharmoniapoznanska.pl\/en\/wojciech-pawlowski-doktorem-honoris-causa-akademii-muzycznej-w-poznaniu\/","title":{"rendered":"Wojciech Paw\u0142owski awarded honorary degree from Academy of Music in Pozna\u0144"},"content":{"rendered":"<p>Wojciech Paw\u0142owski, businessman, social activist, patron of culture, sponsor of cultural events, endower, philanthropist\u2026 the list aiming to cover the wide range of his professional, social and charitable activities was long. These were enumerated in the laudation delivered by Prof. Bogumi\u0142 Nowicki (2005-2012 rector of the Academy of Music) at the ceremony of conferring doctorate <em>honoris causa<\/em> on Wojciech Paw\u0142owski by Ignacy Jan Paderewski Academy of Music in Pozna\u0144.<\/p>\n<p>Among Wojciech Paw\u0142owski\u2019s activities championing the cause of culture, Prof. Nowicki mentioned the VRP Fund, whose goal is to support, promote, and popularise advancement of culture, art, science and education; refurbishment of the Faras Gallery at the National Museum in Warsaw;<br \/>\nW. Paw\u0142owski\u2019s involvement in the development of Centre of Music in Pozna\u0144 (where Pozna\u0144 Philharmonic will find its seat), in the operation of Wydawnictwo Pozna\u0144skie (Pozna\u0144 Publishing House), his assistance to young musicians in the form of grants and stipends, as well as his support for the Pozna\u0144 Philharmonic, whose main backer he has remained for years. Prof. Nowicki also evoked a quote from Wojciech Paw\u0142owski, who once said: <em>Sharing the effects of my work is my life\u2019s joy.<\/em><\/p>\n<p>The newly-appointed honorary doctor\u2019s lecture \u201cPatronage: privilege or duty?\u201d was delivered to enthusiastic reception.<\/p>\n<p>Held at the Aula Nova, the ceremony of awarding honorary degree from Academy of Music in Pozna\u0144 to Wojciech Paw\u0142owski took place during inauguration of the school\u2019s new academic year.<\/p>\n<p>Gratitude for promotion of culture and involvement in operation of the Academy was also extended to Wojciech Paw\u0142owski\u2019s wife, Dorota.<\/p>\n<p>Our sincere congratulations to Mr and Mrs Paw\u0142owski!<\/p>\n<p>&nbsp;<\/p>\n\n\t\t<style type=\"text\/css\">\n\t\t\t#gallery-1 {\n\t\t\t\tmargin: auto;\n\t\t\t}\n\t\t\t#gallery-1 .gallery-item {\n\t\t\t\tfloat: left;\n\t\t\t\tmargin-top: 10px;\n\t\t\t\ttext-align: center;\n\t\t\t\twidth: 14%;\n\t\t\t}\n\t\t\t#gallery-1 img {\n\t\t\t\tborder: 2px solid #cfcfcf;\n\t\t\t}\n\t\t\t#gallery-1 .gallery-caption {\n\t\t\t\tmargin-left: 0;\n\t\t\t}\n\t\t\t\/* see gallery_shortcode() in wp-includes\/media.php *\/\n\t\t<\/style>\n\t\t<div id='gallery-1' class='gallery galleryid-28069 gallery-columns-7 gallery-size-thumbnail'><dl class='gallery-item'>\n\t\t\t<dt class='gallery-icon landscape'>\n\t\t\t\t<a data-caption=\"fot. Antoni Hoffmann\" data-fancybox=\"gallery\" href='https:\/\/filharmoniapoznanska.pl\/en\/wojciech-pawlowski-doktorem-honoris-causa-akademii-muzycznej-w-poznaniu\/p1519038-2\/'><img loading=\"lazy\" decoding=\"async\" width=\"150\" height=\"150\" src=\"https:\/\/filharmoniapoznanska.pl\/wp-content\/uploads\/2023\/10\/P1519038-150x150.jpg\" class=\"attachment-thumbnail size-thumbnail\" alt=\"\" srcset=\"https:\/\/filharmoniapoznanska.pl\/wp-content\/uploads\/2023\/10\/P1519038-150x150.jpg 150w, https:\/\/filharmoniapoznanska.pl\/wp-content\/uploads\/2023\/10\/P1519038-102x102.jpg 102w, https:\/\/filharmoniapoznanska.pl\/wp-content\/uploads\/2023\/10\/P1519038-200x200.jpg 200w\" sizes=\"auto, (max-width: 150px) 100vw, 150px\" \/><\/a>\n\t\t\t<\/dt><\/dl><dl class='gallery-item'>\n\t\t\t<dt class='gallery-icon landscape'>\n\t\t\t\t<a data-caption=\"fot. Antoni Hoffmann\" data-fancybox=\"gallery\" href='https:\/\/filharmoniapoznanska.pl\/en\/wojciech-pawlowski-doktorem-honoris-causa-akademii-muzycznej-w-poznaniu\/p1518723-2\/'><img loading=\"lazy\" decoding=\"async\" width=\"150\" height=\"150\" src=\"https:\/\/filharmoniapoznanska.pl\/wp-content\/uploads\/2023\/10\/P1518723-150x150.jpg\" class=\"attachment-thumbnail size-thumbnail\" alt=\"\" srcset=\"https:\/\/filharmoniapoznanska.pl\/wp-content\/uploads\/2023\/10\/P1518723-150x150.jpg 150w, https:\/\/filharmoniapoznanska.pl\/wp-content\/uploads\/2023\/10\/P1518723-102x102.jpg 102w, https:\/\/filharmoniapoznanska.pl\/wp-content\/uploads\/2023\/10\/P1518723-200x200.jpg 200w\" sizes=\"auto, (max-width: 150px) 100vw, 150px\" \/><\/a>\n\t\t\t<\/dt><\/dl><dl class='gallery-item'>\n\t\t\t<dt class='gallery-icon landscape'>\n\t\t\t\t<a data-caption=\"fot. Antoni Hoffmann\" data-fancybox=\"gallery\" href='https:\/\/filharmoniapoznanska.pl\/en\/wojciech-pawlowski-doktorem-honoris-causa-akademii-muzycznej-w-poznaniu\/p1519236-2\/'><img loading=\"lazy\" decoding=\"async\" width=\"150\" height=\"150\" src=\"https:\/\/filharmoniapoznanska.pl\/wp-content\/uploads\/2023\/10\/P1519236-150x150.jpg\" class=\"attachment-thumbnail size-thumbnail\" alt=\"\" srcset=\"https:\/\/filharmoniapoznanska.pl\/wp-content\/uploads\/2023\/10\/P1519236-150x150.jpg 150w, https:\/\/filharmoniapoznanska.pl\/wp-content\/uploads\/2023\/10\/P1519236-102x102.jpg 102w, https:\/\/filharmoniapoznanska.pl\/wp-content\/uploads\/2023\/10\/P1519236-200x200.jpg 200w\" sizes=\"auto, (max-width: 150px) 100vw, 150px\" \/><\/a>\n\t\t\t<\/dt><\/dl><dl class='gallery-item'>\n\t\t\t<dt class='gallery-icon landscape'>\n\t\t\t\t<a data-caption=\"fot. Antoni Hoffmann\" data-fancybox=\"gallery\" href='https:\/\/filharmoniapoznanska.pl\/en\/wojciech-pawlowski-doktorem-honoris-causa-akademii-muzycznej-w-poznaniu\/p1519275-2\/'><img loading=\"lazy\" decoding=\"async\" width=\"150\" height=\"150\" src=\"https:\/\/filharmoniapoznanska.pl\/wp-content\/uploads\/2023\/10\/P1519275-150x150.jpg\" class=\"attachment-thumbnail size-thumbnail\" alt=\"\" srcset=\"https:\/\/filharmoniapoznanska.pl\/wp-content\/uploads\/2023\/10\/P1519275-150x150.jpg 150w, https:\/\/filharmoniapoznanska.pl\/wp-content\/uploads\/2023\/10\/P1519275-102x102.jpg 102w, https:\/\/filharmoniapoznanska.pl\/wp-content\/uploads\/2023\/10\/P1519275-200x200.jpg 200w\" sizes=\"auto, (max-width: 150px) 100vw, 150px\" \/><\/a>\n\t\t\t<\/dt><\/dl><dl class='gallery-item'>\n\t\t\t<dt class='gallery-icon landscape'>\n\t\t\t\t<a data-caption=\"fot. Antoni Hoffmann\" data-fancybox=\"gallery\" href='https:\/\/filharmoniapoznanska.pl\/en\/wojciech-pawlowski-doktorem-honoris-causa-akademii-muzycznej-w-poznaniu\/p1519295-2\/'><img loading=\"lazy\" decoding=\"async\" width=\"150\" height=\"150\" src=\"https:\/\/filharmoniapoznanska.pl\/wp-content\/uploads\/2023\/10\/P1519295-150x150.jpg\" class=\"attachment-thumbnail size-thumbnail\" alt=\"\" srcset=\"https:\/\/filharmoniapoznanska.pl\/wp-content\/uploads\/2023\/10\/P1519295-150x150.jpg 150w, https:\/\/filharmoniapoznanska.pl\/wp-content\/uploads\/2023\/10\/P1519295-102x102.jpg 102w, https:\/\/filharmoniapoznanska.pl\/wp-content\/uploads\/2023\/10\/P1519295-200x200.jpg 200w\" sizes=\"auto, (max-width: 150px) 100vw, 150px\" \/><\/a>\n\t\t\t<\/dt><\/dl><dl class='gallery-item'>\n\t\t\t<dt class='gallery-icon landscape'>\n\t\t\t\t<a data-caption=\"fot. Antoni Hoffmann\" data-fancybox=\"gallery\" href='https:\/\/filharmoniapoznanska.pl\/en\/wojciech-pawlowski-doktorem-honoris-causa-akademii-muzycznej-w-poznaniu\/p1519111-2\/'><img loading=\"lazy\" decoding=\"async\" width=\"150\" height=\"150\" src=\"https:\/\/filharmoniapoznanska.pl\/wp-content\/uploads\/2023\/10\/P1519111-150x150.jpg\" class=\"attachment-thumbnail size-thumbnail\" alt=\"\" srcset=\"https:\/\/filharmoniapoznanska.pl\/wp-content\/uploads\/2023\/10\/P1519111-150x150.jpg 150w, https:\/\/filharmoniapoznanska.pl\/wp-content\/uploads\/2023\/10\/P1519111-102x102.jpg 102w, https:\/\/filharmoniapoznanska.pl\/wp-content\/uploads\/2023\/10\/P1519111-200x200.jpg 200w\" sizes=\"auto, (max-width: 150px) 100vw, 150px\" \/><\/a>\n\t\t\t<\/dt><\/dl><dl class='gallery-item'>\n\t\t\t<dt class='gallery-icon portrait'>\n\t\t\t\t<a data-caption=\"fot. Antoni Hoffmann\" data-fancybox=\"gallery\" href='https:\/\/filharmoniapoznanska.pl\/en\/wojciech-pawlowski-doktorem-honoris-causa-akademii-muzycznej-w-poznaniu\/p1519165-2\/'><img loading=\"lazy\" decoding=\"async\" width=\"150\" height=\"150\" src=\"https:\/\/filharmoniapoznanska.pl\/wp-content\/uploads\/2023\/10\/P1519165-150x150.jpg\" class=\"attachment-thumbnail size-thumbnail\" alt=\"\" srcset=\"https:\/\/filharmoniapoznanska.pl\/wp-content\/uploads\/2023\/10\/P1519165-150x150.jpg 150w, https:\/\/filharmoniapoznanska.pl\/wp-content\/uploads\/2023\/10\/P1519165-102x102.jpg 102w, https:\/\/filharmoniapoznanska.pl\/wp-content\/uploads\/2023\/10\/P1519165-200x200.jpg 200w\" sizes=\"auto, (max-width: 150px) 100vw, 150px\" \/><\/a>\n\t\t\t<\/dt><\/dl><br style=\"clear: both\" \/>\n\t\t<\/div>\n\n","protected":false},"excerpt":{"rendered":"<p>Wojciech Paw\u0142owski, businessman, social activist, patron of culture, sponsor of cultural events, endower, philanthropist\u2026 the list aiming to cover the wide range of his professional, social and charitable activities was long. These were enumerated in the laudation delivered by Prof. Bogumi\u0142 Nowicki (2005-2012 rector of the Academy of Music) at the ceremony of conferring doctorate [&hellip;]<\/p>\n","protected":false},"author":7,"featured_media":0,"comment_status":"closed","ping_status":"closed","sticky":false,"template":"","format":"standard","meta":{"_acf_changed":false,"footnotes":""},"categories":[27],"tags":[],"class_list":["post-28069","post","type-post","status-publish","format-standard","hentry","category-bez-kategorii-en"],"acf":[],"yoast_head":"<!-- This site is optimized with the Yoast SEO plugin v27.3 - https:\/\/yoast.com\/product\/yoast-seo-wordpress\/ -->\n<title>Filharmonia Pozna\u0144ska Wojciech Paw\u0142owski awarded honorary degree from Academy of Music in Pozna\u0144<\/title>\n<meta name=\"robots\" content=\"index, follow, max-snippet:-1, max-image-preview:large, max-video-preview:-1\" \/>\n<link rel=\"canonical\" href=\"https:\/\/filharmoniapoznanska.pl\/en\/wojciech-pawlowski-doktorem-honoris-causa-akademii-muzycznej-w-poznaniu\/\" \/>\n<meta property=\"og:locale\" content=\"en_US\" \/>\n<meta property=\"og:type\" content=\"article\" \/>\n<meta property=\"og:title\" content=\"Filharmonia Pozna\u0144ska Wojciech Paw\u0142owski awarded honorary degree from Academy of Music in Pozna\u0144\" \/>\n<meta property=\"og:description\" content=\"Wojciech Paw\u0142owski, businessman, social activist, patron of culture, sponsor of cultural events, endower, philanthropist\u2026 the list aiming to cover the wide range of his professional, social and charitable activities was long. These were enumerated in the laudation delivered by Prof. Bogumi\u0142 Nowicki (2005-2012 rector of the Academy of Music) at the ceremony of conferring doctorate [&hellip;]\" \/>\n<meta property=\"og:url\" content=\"https:\/\/filharmoniapoznanska.pl\/en\/wojciech-pawlowski-doktorem-honoris-causa-akademii-muzycznej-w-poznaniu\/\" \/>\n<meta property=\"og:site_name\" content=\"Filharmonia Pozna\u0144ska\" \/>\n<meta property=\"article:published_time\" content=\"2023-10-16T20:57:18+00:00\" \/>\n<meta property=\"article:modified_time\" content=\"2023-10-25T12:22:31+00:00\" \/>\n<meta property=\"og:image\" content=\"https:\/\/filharmoniapoznanska.pl\/wp-content\/uploads\/2023\/10\/P1519038-150x150.jpg\" \/>\n<meta name=\"author\" content=\"Magdalena Smieszala\" \/>\n<meta name=\"twitter:card\" content=\"summary_large_image\" \/>\n<meta name=\"twitter:label1\" content=\"Written by\" \/>\n\t<meta name=\"twitter:data1\" content=\"Magdalena Smieszala\" \/>\n\t<meta name=\"twitter:label2\" content=\"Est. reading time\" \/>\n\t<meta name=\"twitter:data2\" content=\"2 minutes\" \/>\n<script type=\"application\/ld+json\" class=\"yoast-schema-graph\">{\"@context\":\"https:\\\/\\\/schema.org\",\"@graph\":[{\"@type\":\"Article\",\"@id\":\"https:\\\/\\\/filharmoniapoznanska.pl\\\/en\\\/wojciech-pawlowski-doktorem-honoris-causa-akademii-muzycznej-w-poznaniu\\\/#article\",\"isPartOf\":{\"@id\":\"https:\\\/\\\/filharmoniapoznanska.pl\\\/en\\\/wojciech-pawlowski-doktorem-honoris-causa-akademii-muzycznej-w-poznaniu\\\/\"},\"author\":{\"name\":\"Magdalena Smieszala\",\"@id\":\"https:\\\/\\\/filharmoniapoznanska.pl\\\/#\\\/schema\\\/person\\\/1275f5e642860ca78155117b935a25f6\"},\"headline\":\"Wojciech Paw\u0142owski awarded honorary degree from Academy of Music in Pozna\u0144\",\"datePublished\":\"2023-10-16T20:57:18+00:00\",\"dateModified\":\"2023-10-25T12:22:31+00:00\",\"mainEntityOfPage\":{\"@id\":\"https:\\\/\\\/filharmoniapoznanska.pl\\\/en\\\/wojciech-pawlowski-doktorem-honoris-causa-akademii-muzycznej-w-poznaniu\\\/\"},\"wordCount\":292,\"articleSection\":[\"Bez kategorii\"],\"inLanguage\":\"en-US\"},{\"@type\":\"WebPage\",\"@id\":\"https:\\\/\\\/filharmoniapoznanska.pl\\\/en\\\/wojciech-pawlowski-doktorem-honoris-causa-akademii-muzycznej-w-poznaniu\\\/\",\"url\":\"https:\\\/\\\/filharmoniapoznanska.pl\\\/en\\\/wojciech-pawlowski-doktorem-honoris-causa-akademii-muzycznej-w-poznaniu\\\/\",\"name\":\"Filharmonia Pozna\u0144ska Wojciech Paw\u0142owski awarded honorary degree from Academy of Music in Pozna\u0144\",\"isPartOf\":{\"@id\":\"https:\\\/\\\/filharmoniapoznanska.pl\\\/#website\"},\"datePublished\":\"2023-10-16T20:57:18+00:00\",\"dateModified\":\"2023-10-25T12:22:31+00:00\",\"author\":{\"@id\":\"https:\\\/\\\/filharmoniapoznanska.pl\\\/#\\\/schema\\\/person\\\/1275f5e642860ca78155117b935a25f6\"},\"breadcrumb\":{\"@id\":\"https:\\\/\\\/filharmoniapoznanska.pl\\\/en\\\/wojciech-pawlowski-doktorem-honoris-causa-akademii-muzycznej-w-poznaniu\\\/#breadcrumb\"},\"inLanguage\":\"en-US\",\"potentialAction\":[{\"@type\":\"ReadAction\",\"target\":[\"https:\\\/\\\/filharmoniapoznanska.pl\\\/en\\\/wojciech-pawlowski-doktorem-honoris-causa-akademii-muzycznej-w-poznaniu\\\/\"]}]},{\"@type\":\"BreadcrumbList\",\"@id\":\"https:\\\/\\\/filharmoniapoznanska.pl\\\/en\\\/wojciech-pawlowski-doktorem-honoris-causa-akademii-muzycznej-w-poznaniu\\\/#breadcrumb\",\"itemListElement\":[{\"@type\":\"ListItem\",\"position\":1,\"name\":\"Strona g\u0142\u00f3wna\",\"item\":\"https:\\\/\\\/filharmoniapoznanska.pl\\\/en\\\/\"},{\"@type\":\"ListItem\",\"position\":2,\"name\":\"Wojciech Paw\u0142owski awarded honorary degree from Academy of Music in Pozna\u0144\"}]},{\"@type\":\"WebSite\",\"@id\":\"https:\\\/\\\/filharmoniapoznanska.pl\\\/#website\",\"url\":\"https:\\\/\\\/filharmoniapoznanska.pl\\\/\",\"name\":\"Filharmonia Pozna\u0144ska\",\"description\":\"\",\"potentialAction\":[{\"@type\":\"SearchAction\",\"target\":{\"@type\":\"EntryPoint\",\"urlTemplate\":\"https:\\\/\\\/filharmoniapoznanska.pl\\\/?s={search_term_string}\"},\"query-input\":{\"@type\":\"PropertyValueSpecification\",\"valueRequired\":true,\"valueName\":\"search_term_string\"}}],\"inLanguage\":\"en-US\"},{\"@type\":\"Person\",\"@id\":\"https:\\\/\\\/filharmoniapoznanska.pl\\\/#\\\/schema\\\/person\\\/1275f5e642860ca78155117b935a25f6\",\"name\":\"Magdalena Smieszala\",\"image\":{\"@type\":\"ImageObject\",\"inLanguage\":\"en-US\",\"@id\":\"https:\\\/\\\/secure.gravatar.com\\\/avatar\\\/5818fe0ddbba1db9e999fe5475b267cc756422dd89bc49754cb83cb8a6b24656?s=96&d=mm&r=g\",\"url\":\"https:\\\/\\\/secure.gravatar.com\\\/avatar\\\/5818fe0ddbba1db9e999fe5475b267cc756422dd89bc49754cb83cb8a6b24656?s=96&d=mm&r=g\",\"contentUrl\":\"https:\\\/\\\/secure.gravatar.com\\\/avatar\\\/5818fe0ddbba1db9e999fe5475b267cc756422dd89bc49754cb83cb8a6b24656?s=96&d=mm&r=g\",\"caption\":\"Magdalena Smieszala\"}}]}<\/script>\n<!-- \/ Yoast SEO plugin. -->","yoast_head_json":{"title":"Filharmonia Pozna\u0144ska Wojciech Paw\u0142owski awarded honorary degree from Academy of Music in Pozna\u0144","robots":{"index":"index","follow":"follow","max-snippet":"max-snippet:-1","max-image-preview":"max-image-preview:large","max-video-preview":"max-video-preview:-1"},"canonical":"https:\/\/filharmoniapoznanska.pl\/en\/wojciech-pawlowski-doktorem-honoris-causa-akademii-muzycznej-w-poznaniu\/","og_locale":"en_US","og_type":"article","og_title":"Filharmonia Pozna\u0144ska Wojciech Paw\u0142owski awarded honorary degree from Academy of Music in Pozna\u0144","og_description":"Wojciech Paw\u0142owski, businessman, social activist, patron of culture, sponsor of cultural events, endower, philanthropist\u2026 the list aiming to cover the wide range of his professional, social and charitable activities was long. These were enumerated in the laudation delivered by Prof. Bogumi\u0142 Nowicki (2005-2012 rector of the Academy of Music) at the ceremony of conferring doctorate [&hellip;]","og_url":"https:\/\/filharmoniapoznanska.pl\/en\/wojciech-pawlowski-doktorem-honoris-causa-akademii-muzycznej-w-poznaniu\/","og_site_name":"Filharmonia Pozna\u0144ska","article_published_time":"2023-10-16T20:57:18+00:00","article_modified_time":"2023-10-25T12:22:31+00:00","og_image":[{"url":"https:\/\/filharmoniapoznanska.pl\/wp-content\/uploads\/2023\/10\/P1519038-150x150.jpg","type":"","width":"","height":""}],"author":"Magdalena Smieszala","twitter_card":"summary_large_image","twitter_misc":{"Written by":"Magdalena Smieszala","Est. reading time":"2 minutes"},"schema":{"@context":"https:\/\/schema.org","@graph":[{"@type":"Article","@id":"https:\/\/filharmoniapoznanska.pl\/en\/wojciech-pawlowski-doktorem-honoris-causa-akademii-muzycznej-w-poznaniu\/#article","isPartOf":{"@id":"https:\/\/filharmoniapoznanska.pl\/en\/wojciech-pawlowski-doktorem-honoris-causa-akademii-muzycznej-w-poznaniu\/"},"author":{"name":"Magdalena Smieszala","@id":"https:\/\/filharmoniapoznanska.pl\/#\/schema\/person\/1275f5e642860ca78155117b935a25f6"},"headline":"Wojciech Paw\u0142owski awarded honorary degree from Academy of Music in Pozna\u0144","datePublished":"2023-10-16T20:57:18+00:00","dateModified":"2023-10-25T12:22:31+00:00","mainEntityOfPage":{"@id":"https:\/\/filharmoniapoznanska.pl\/en\/wojciech-pawlowski-doktorem-honoris-causa-akademii-muzycznej-w-poznaniu\/"},"wordCount":292,"articleSection":["Bez kategorii"],"inLanguage":"en-US"},{"@type":"WebPage","@id":"https:\/\/filharmoniapoznanska.pl\/en\/wojciech-pawlowski-doktorem-honoris-causa-akademii-muzycznej-w-poznaniu\/","url":"https:\/\/filharmoniapoznanska.pl\/en\/wojciech-pawlowski-doktorem-honoris-causa-akademii-muzycznej-w-poznaniu\/","name":"Filharmonia Pozna\u0144ska Wojciech Paw\u0142owski awarded honorary degree from Academy of Music in Pozna\u0144","isPartOf":{"@id":"https:\/\/filharmoniapoznanska.pl\/#website"},"datePublished":"2023-10-16T20:57:18+00:00","dateModified":"2023-10-25T12:22:31+00:00","author":{"@id":"https:\/\/filharmoniapoznanska.pl\/#\/schema\/person\/1275f5e642860ca78155117b935a25f6"},"breadcrumb":{"@id":"https:\/\/filharmoniapoznanska.pl\/en\/wojciech-pawlowski-doktorem-honoris-causa-akademii-muzycznej-w-poznaniu\/#breadcrumb"},"inLanguage":"en-US","potentialAction":[{"@type":"ReadAction","target":["https:\/\/filharmoniapoznanska.pl\/en\/wojciech-pawlowski-doktorem-honoris-causa-akademii-muzycznej-w-poznaniu\/"]}]},{"@type":"BreadcrumbList","@id":"https:\/\/filharmoniapoznanska.pl\/en\/wojciech-pawlowski-doktorem-honoris-causa-akademii-muzycznej-w-poznaniu\/#breadcrumb","itemListElement":[{"@type":"ListItem","position":1,"name":"Strona g\u0142\u00f3wna","item":"https:\/\/filharmoniapoznanska.pl\/en\/"},{"@type":"ListItem","position":2,"name":"Wojciech Paw\u0142owski awarded honorary degree from Academy of Music in Pozna\u0144"}]},{"@type":"WebSite","@id":"https:\/\/filharmoniapoznanska.pl\/#website","url":"https:\/\/filharmoniapoznanska.pl\/","name":"Filharmonia Pozna\u0144ska","description":"","potentialAction":[{"@type":"SearchAction","target":{"@type":"EntryPoint","urlTemplate":"https:\/\/filharmoniapoznanska.pl\/?s={search_term_string}"},"query-input":{"@type":"PropertyValueSpecification","valueRequired":true,"valueName":"search_term_string"}}],"inLanguage":"en-US"},{"@type":"Person","@id":"https:\/\/filharmoniapoznanska.pl\/#\/schema\/person\/1275f5e642860ca78155117b935a25f6","name":"Magdalena Smieszala","image":{"@type":"ImageObject","inLanguage":"en-US","@id":"https:\/\/secure.gravatar.com\/avatar\/5818fe0ddbba1db9e999fe5475b267cc756422dd89bc49754cb83cb8a6b24656?s=96&d=mm&r=g","url":"https:\/\/secure.gravatar.com\/avatar\/5818fe0ddbba1db9e999fe5475b267cc756422dd89bc49754cb83cb8a6b24656?s=96&d=mm&r=g","contentUrl":"https:\/\/secure.gravatar.com\/avatar\/5818fe0ddbba1db9e999fe5475b267cc756422dd89bc49754cb83cb8a6b24656?s=96&d=mm&r=g","caption":"Magdalena Smieszala"}}]}},"_links":{"self":[{"href":"https:\/\/filharmoniapoznanska.pl\/en\/wp-json\/wp\/v2\/posts\/28069","targetHints":{"allow":["GET"]}}],"collection":[{"href":"https:\/\/filharmoniapoznanska.pl\/en\/wp-json\/wp\/v2\/posts"}],"about":[{"href":"https:\/\/filharmoniapoznanska.pl\/en\/wp-json\/wp\/v2\/types\/post"}],"author":[{"embeddable":true,"href":"https:\/\/filharmoniapoznanska.pl\/en\/wp-json\/wp\/v2\/users\/7"}],"replies":[{"embeddable":true,"href":"https:\/\/filharmoniapoznanska.pl\/en\/wp-json\/wp\/v2\/comments?post=28069"}],"version-history":[{"count":3,"href":"https:\/\/filharmoniapoznanska.pl\/en\/wp-json\/wp\/v2\/posts\/28069\/revisions"}],"predecessor-version":[{"id":28072,"href":"https:\/\/filharmoniapoznanska.pl\/en\/wp-json\/wp\/v2\/posts\/28069\/revisions\/28072"}],"wp:attachment":[{"href":"https:\/\/filharmoniapoznanska.pl\/en\/wp-json\/wp\/v2\/media?parent=28069"}],"wp:term":[{"taxonomy":"category","embeddable":true,"href":"https:\/\/filharmoniapoznanska.pl\/en\/wp-json\/wp\/v2\/categories?post=28069"},{"taxonomy":"post_tag","embeddable":true,"href":"https:\/\/filharmoniapoznanska.pl\/en\/wp-json\/wp\/v2\/tags?post=28069"}],"curies":[{"name":"wp","href":"https:\/\/api.w.org\/{rel}","templated":true}]}}