{"id":26202,"date":"2023-03-23T14:16:49","date_gmt":"2023-03-23T13:16:49","guid":{"rendered":"https:\/\/filharmoniapoznanska.pl\/?p=26202"},"modified":"2023-03-27T11:26:12","modified_gmt":"2023-03-27T09:26:12","slug":"2023-fryderyk-award-nominations-for-poznan-philharmonic-orchestra-and-lukasz-borowicz","status":"publish","type":"post","link":"https:\/\/filharmoniapoznanska.pl\/en\/2023-fryderyk-award-nominations-for-poznan-philharmonic-orchestra-and-lukasz-borowicz\/","title":{"rendered":"2023 FRYDERYK AWARD &#8211; NOMINATIONS FOR POZNA\u0143 PHILHARMONIC ORCHESTRA AND \u0141UKASZ BOROWICZ"},"content":{"rendered":"<p><a href=\"https:\/\/filharmoniapoznanska.pl\/en\/2023-fryderyk-award-nominations-for-poznan-philharmonic-orchestra-and-lukasz-borowicz\/1204249256959829_baner_nominacja-fryderyk_01-en1\/\" rel=\"attachment wp-att-26203\"><img loading=\"lazy\" decoding=\"async\" class=\"alignnone size-full wp-image-26203\" src=\"https:\/\/filharmoniapoznanska.pl\/wp-content\/uploads\/2023\/03\/1204249256959829_baner_nominacja-fryderyk_01-EN1.jpg\" alt=\"\" width=\"940\" height=\"347\" srcset=\"https:\/\/filharmoniapoznanska.pl\/wp-content\/uploads\/2023\/03\/1204249256959829_baner_nominacja-fryderyk_01-EN1.jpg 940w, https:\/\/filharmoniapoznanska.pl\/wp-content\/uploads\/2023\/03\/1204249256959829_baner_nominacja-fryderyk_01-EN1-300x111.jpg 300w, https:\/\/filharmoniapoznanska.pl\/wp-content\/uploads\/2023\/03\/1204249256959829_baner_nominacja-fryderyk_01-EN1-768x284.jpg 768w, https:\/\/filharmoniapoznanska.pl\/wp-content\/uploads\/2023\/03\/1204249256959829_baner_nominacja-fryderyk_01-EN1-660x244.jpg 660w, https:\/\/filharmoniapoznanska.pl\/wp-content\/uploads\/2023\/03\/1204249256959829_baner_nominacja-fryderyk_01-EN1-740x273.jpg 740w\" sizes=\"auto, (max-width: 940px) 100vw, 940px\" \/><\/a><\/p>\n<p>It has become customary that subsequent records by The Pozna\u0144 Philharmonic Orchestra get nominations for the Fryderyk Award. This time, it is a recording of Feliks Nowowiejski\u2019s pieces that has found itself among the nominees for the 2023 Fryderyk Award in the <em>Album roku \u2013 muzyka koncertuj\u0105ca<\/em> (Album of the Year &#8211; Concert Music) category. It features two concertos by Feliks Nowowiejski\u2014piano in C Minor, Op. 60 (<em>Slavic<\/em>), and cello, Op. 55\u2014recorded by The Pozna\u0144 Philharmonic Orchestra under \u0141ukasz Borowicz with soloists Jacek Kortus (piano), and Bartosz Koziak (cello).<\/p>\n<p>Both recordings are phonographic premieres. Although performing tradition of the pieces does exist, to date both works have been presented merely a few times.<\/p>\n<p>\u0141ukasz Borowicz, who took the effort of preparing and recording the pieces with the Pozna\u0144 Philharmonic Orchestra, writes in the album booklet: ..<em>. <\/em><em>orchestra material of the concertos has been thoroughly analysed and compared with the manuscripts which miraculously survived war-time desolation. These comparisons made it possible to refine instrumentation, tempo, and articulation details<\/em><em>.<\/em><\/p>\n<p>Released by DUX, \u201cFelix Nowowiejski, Piano Concerto in D Minor, Op. 60, <em>Slavic<\/em>, Cello Concerto, Op. 55\u201d, which is a world phonographic premiere, has been co-funded by Fundusz Promocji Kultury (Culture Promotion Fund). A state-earmarked fund operated by the National Institute of Music and Dance within the \u201cMuzyczny \u015blad\u201d (Musical Trace) programme, it is an entity of the Ministry of Culture and National Heritage.<\/p>\n<p>\u0141ukasz Borowicz, chief conductor of the Pozna\u0144 Philharmonic Orchestra, and Music Director of the Pozna\u0144 Philharmonic, has been furthermore nominated for the 2023 Fryderyk Award for two more albums: \u201cGra\u017cyna Bacewicz, Complete Symphonic Works Vol. 1 (Symphonies 3&amp;4)\u201d recorded with WDR Sinfonieorchester for cpo (nomination in the <em>Najlepszy album polski za\u00a0granic\u0105, <\/em>or the Best Polish Album Abroad category), and \u201cRoman Palester. Dzie\u0142a nieznane\u201d (Roman Palester. Works Unknown) recorded with Orkiestra Symfoniczna Polskiej Filharmonii Ba\u0142tyckiej and Izabela Matu\u0142a, and released by Polska Filharmonia Ba\u0142tycka im.\u00a0Fryderyka Chopina in\u00a0Gda\u0144sk (nomination in the <em>Album roku \u2013 muzyka orkiestrowa, <\/em>or Album of the Year &#8211; Orchestral Music category).<\/p>\n","protected":false},"excerpt":{"rendered":"<p>It has become customary that subsequent records by The Pozna\u0144 Philharmonic Orchestra get nominations for the Fryderyk Award. This time, it is a recording of Feliks Nowowiejski\u2019s pieces that has found itself among the nominees for the 2023 Fryderyk Award in the Album roku \u2013 muzyka koncertuj\u0105ca (Album of the Year &#8211; Concert Music) category. [&hellip;]<\/p>\n","protected":false},"author":7,"featured_media":0,"comment_status":"closed","ping_status":"closed","sticky":false,"template":"","format":"standard","meta":{"_acf_changed":false,"footnotes":""},"categories":[27],"tags":[],"class_list":["post-26202","post","type-post","status-publish","format-standard","hentry","category-bez-kategorii-en"],"acf":[],"yoast_head":"<!-- This site is optimized with the Yoast SEO plugin v27.3 - https:\/\/yoast.com\/product\/yoast-seo-wordpress\/ -->\n<title>Filharmonia Pozna\u0144ska 2023 FRYDERYK AWARD - NOMINATIONS FOR POZNA\u0143 PHILHARMONIC ORCHESTRA AND \u0141UKASZ BOROWICZ<\/title>\n<meta name=\"robots\" content=\"index, follow, max-snippet:-1, max-image-preview:large, max-video-preview:-1\" \/>\n<link rel=\"canonical\" href=\"https:\/\/filharmoniapoznanska.pl\/en\/2023-fryderyk-award-nominations-for-poznan-philharmonic-orchestra-and-lukasz-borowicz\/\" \/>\n<meta property=\"og:locale\" content=\"en_US\" \/>\n<meta property=\"og:type\" content=\"article\" \/>\n<meta property=\"og:title\" content=\"Filharmonia Pozna\u0144ska 2023 FRYDERYK AWARD - NOMINATIONS FOR POZNA\u0143 PHILHARMONIC ORCHESTRA AND \u0141UKASZ BOROWICZ\" \/>\n<meta property=\"og:description\" content=\"It has become customary that subsequent records by The Pozna\u0144 Philharmonic Orchestra get nominations for the Fryderyk Award. This time, it is a recording of Feliks Nowowiejski\u2019s pieces that has found itself among the nominees for the 2023 Fryderyk Award in the Album roku \u2013 muzyka koncertuj\u0105ca (Album of the Year &#8211; Concert Music) category. [&hellip;]\" \/>\n<meta property=\"og:url\" content=\"https:\/\/filharmoniapoznanska.pl\/en\/2023-fryderyk-award-nominations-for-poznan-philharmonic-orchestra-and-lukasz-borowicz\/\" \/>\n<meta property=\"og:site_name\" content=\"Filharmonia Pozna\u0144ska\" \/>\n<meta property=\"article:published_time\" content=\"2023-03-23T13:16:49+00:00\" \/>\n<meta property=\"article:modified_time\" content=\"2023-03-27T09:26:12+00:00\" \/>\n<meta property=\"og:image\" content=\"https:\/\/filharmoniapoznanska.pl\/wp-content\/uploads\/2023\/03\/1204249256959829_baner_nominacja-fryderyk_01-EN1.jpg\" \/>\n<meta name=\"author\" content=\"Magdalena Smieszala\" \/>\n<meta name=\"twitter:card\" content=\"summary_large_image\" \/>\n<meta name=\"twitter:label1\" content=\"Written by\" \/>\n\t<meta name=\"twitter:data1\" content=\"Magdalena Smieszala\" \/>\n\t<meta name=\"twitter:label2\" content=\"Est. reading time\" \/>\n\t<meta name=\"twitter:data2\" content=\"3 minutes\" \/>\n<script type=\"application\/ld+json\" class=\"yoast-schema-graph\">{\"@context\":\"https:\\\/\\\/schema.org\",\"@graph\":[{\"@type\":\"Article\",\"@id\":\"https:\\\/\\\/filharmoniapoznanska.pl\\\/en\\\/2023-fryderyk-award-nominations-for-poznan-philharmonic-orchestra-and-lukasz-borowicz\\\/#article\",\"isPartOf\":{\"@id\":\"https:\\\/\\\/filharmoniapoznanska.pl\\\/en\\\/2023-fryderyk-award-nominations-for-poznan-philharmonic-orchestra-and-lukasz-borowicz\\\/\"},\"author\":{\"name\":\"Magdalena Smieszala\",\"@id\":\"https:\\\/\\\/filharmoniapoznanska.pl\\\/#\\\/schema\\\/person\\\/1275f5e642860ca78155117b935a25f6\"},\"headline\":\"2023 FRYDERYK AWARD &#8211; NOMINATIONS FOR POZNA\u0143 PHILHARMONIC ORCHESTRA AND \u0141UKASZ BOROWICZ\",\"datePublished\":\"2023-03-23T13:16:49+00:00\",\"dateModified\":\"2023-03-27T09:26:12+00:00\",\"mainEntityOfPage\":{\"@id\":\"https:\\\/\\\/filharmoniapoznanska.pl\\\/en\\\/2023-fryderyk-award-nominations-for-poznan-philharmonic-orchestra-and-lukasz-borowicz\\\/\"},\"wordCount\":348,\"image\":{\"@id\":\"https:\\\/\\\/filharmoniapoznanska.pl\\\/en\\\/2023-fryderyk-award-nominations-for-poznan-philharmonic-orchestra-and-lukasz-borowicz\\\/#primaryimage\"},\"thumbnailUrl\":\"https:\\\/\\\/filharmoniapoznanska.pl\\\/wp-content\\\/uploads\\\/2023\\\/03\\\/1204249256959829_baner_nominacja-fryderyk_01-EN1.jpg\",\"articleSection\":[\"Bez kategorii\"],\"inLanguage\":\"en-US\"},{\"@type\":\"WebPage\",\"@id\":\"https:\\\/\\\/filharmoniapoznanska.pl\\\/en\\\/2023-fryderyk-award-nominations-for-poznan-philharmonic-orchestra-and-lukasz-borowicz\\\/\",\"url\":\"https:\\\/\\\/filharmoniapoznanska.pl\\\/en\\\/2023-fryderyk-award-nominations-for-poznan-philharmonic-orchestra-and-lukasz-borowicz\\\/\",\"name\":\"Filharmonia Pozna\u0144ska 2023 FRYDERYK AWARD - NOMINATIONS FOR POZNA\u0143 PHILHARMONIC ORCHESTRA AND \u0141UKASZ BOROWICZ\",\"isPartOf\":{\"@id\":\"https:\\\/\\\/filharmoniapoznanska.pl\\\/#website\"},\"primaryImageOfPage\":{\"@id\":\"https:\\\/\\\/filharmoniapoznanska.pl\\\/en\\\/2023-fryderyk-award-nominations-for-poznan-philharmonic-orchestra-and-lukasz-borowicz\\\/#primaryimage\"},\"image\":{\"@id\":\"https:\\\/\\\/filharmoniapoznanska.pl\\\/en\\\/2023-fryderyk-award-nominations-for-poznan-philharmonic-orchestra-and-lukasz-borowicz\\\/#primaryimage\"},\"thumbnailUrl\":\"https:\\\/\\\/filharmoniapoznanska.pl\\\/wp-content\\\/uploads\\\/2023\\\/03\\\/1204249256959829_baner_nominacja-fryderyk_01-EN1.jpg\",\"datePublished\":\"2023-03-23T13:16:49+00:00\",\"dateModified\":\"2023-03-27T09:26:12+00:00\",\"author\":{\"@id\":\"https:\\\/\\\/filharmoniapoznanska.pl\\\/#\\\/schema\\\/person\\\/1275f5e642860ca78155117b935a25f6\"},\"breadcrumb\":{\"@id\":\"https:\\\/\\\/filharmoniapoznanska.pl\\\/en\\\/2023-fryderyk-award-nominations-for-poznan-philharmonic-orchestra-and-lukasz-borowicz\\\/#breadcrumb\"},\"inLanguage\":\"en-US\",\"potentialAction\":[{\"@type\":\"ReadAction\",\"target\":[\"https:\\\/\\\/filharmoniapoznanska.pl\\\/en\\\/2023-fryderyk-award-nominations-for-poznan-philharmonic-orchestra-and-lukasz-borowicz\\\/\"]}]},{\"@type\":\"ImageObject\",\"inLanguage\":\"en-US\",\"@id\":\"https:\\\/\\\/filharmoniapoznanska.pl\\\/en\\\/2023-fryderyk-award-nominations-for-poznan-philharmonic-orchestra-and-lukasz-borowicz\\\/#primaryimage\",\"url\":\"https:\\\/\\\/filharmoniapoznanska.pl\\\/wp-content\\\/uploads\\\/2023\\\/03\\\/1204249256959829_baner_nominacja-fryderyk_01-EN1.jpg\",\"contentUrl\":\"https:\\\/\\\/filharmoniapoznanska.pl\\\/wp-content\\\/uploads\\\/2023\\\/03\\\/1204249256959829_baner_nominacja-fryderyk_01-EN1.jpg\"},{\"@type\":\"BreadcrumbList\",\"@id\":\"https:\\\/\\\/filharmoniapoznanska.pl\\\/en\\\/2023-fryderyk-award-nominations-for-poznan-philharmonic-orchestra-and-lukasz-borowicz\\\/#breadcrumb\",\"itemListElement\":[{\"@type\":\"ListItem\",\"position\":1,\"name\":\"Strona g\u0142\u00f3wna\",\"item\":\"https:\\\/\\\/filharmoniapoznanska.pl\\\/en\\\/\"},{\"@type\":\"ListItem\",\"position\":2,\"name\":\"2023 FRYDERYK AWARD &#8211; NOMINATIONS FOR POZNA\u0143 PHILHARMONIC ORCHESTRA AND \u0141UKASZ BOROWICZ\"}]},{\"@type\":\"WebSite\",\"@id\":\"https:\\\/\\\/filharmoniapoznanska.pl\\\/#website\",\"url\":\"https:\\\/\\\/filharmoniapoznanska.pl\\\/\",\"name\":\"Filharmonia Pozna\u0144ska\",\"description\":\"\",\"potentialAction\":[{\"@type\":\"SearchAction\",\"target\":{\"@type\":\"EntryPoint\",\"urlTemplate\":\"https:\\\/\\\/filharmoniapoznanska.pl\\\/?s={search_term_string}\"},\"query-input\":{\"@type\":\"PropertyValueSpecification\",\"valueRequired\":true,\"valueName\":\"search_term_string\"}}],\"inLanguage\":\"en-US\"},{\"@type\":\"Person\",\"@id\":\"https:\\\/\\\/filharmoniapoznanska.pl\\\/#\\\/schema\\\/person\\\/1275f5e642860ca78155117b935a25f6\",\"name\":\"Magdalena Smieszala\",\"image\":{\"@type\":\"ImageObject\",\"inLanguage\":\"en-US\",\"@id\":\"https:\\\/\\\/secure.gravatar.com\\\/avatar\\\/5818fe0ddbba1db9e999fe5475b267cc756422dd89bc49754cb83cb8a6b24656?s=96&d=mm&r=g\",\"url\":\"https:\\\/\\\/secure.gravatar.com\\\/avatar\\\/5818fe0ddbba1db9e999fe5475b267cc756422dd89bc49754cb83cb8a6b24656?s=96&d=mm&r=g\",\"contentUrl\":\"https:\\\/\\\/secure.gravatar.com\\\/avatar\\\/5818fe0ddbba1db9e999fe5475b267cc756422dd89bc49754cb83cb8a6b24656?s=96&d=mm&r=g\",\"caption\":\"Magdalena Smieszala\"}}]}<\/script>\n<!-- \/ Yoast SEO plugin. -->","yoast_head_json":{"title":"Filharmonia Pozna\u0144ska 2023 FRYDERYK AWARD - NOMINATIONS FOR POZNA\u0143 PHILHARMONIC ORCHESTRA AND \u0141UKASZ BOROWICZ","robots":{"index":"index","follow":"follow","max-snippet":"max-snippet:-1","max-image-preview":"max-image-preview:large","max-video-preview":"max-video-preview:-1"},"canonical":"https:\/\/filharmoniapoznanska.pl\/en\/2023-fryderyk-award-nominations-for-poznan-philharmonic-orchestra-and-lukasz-borowicz\/","og_locale":"en_US","og_type":"article","og_title":"Filharmonia Pozna\u0144ska 2023 FRYDERYK AWARD - NOMINATIONS FOR POZNA\u0143 PHILHARMONIC ORCHESTRA AND \u0141UKASZ BOROWICZ","og_description":"It has become customary that subsequent records by The Pozna\u0144 Philharmonic Orchestra get nominations for the Fryderyk Award. This time, it is a recording of Feliks Nowowiejski\u2019s pieces that has found itself among the nominees for the 2023 Fryderyk Award in the Album roku \u2013 muzyka koncertuj\u0105ca (Album of the Year &#8211; Concert Music) category. [&hellip;]","og_url":"https:\/\/filharmoniapoznanska.pl\/en\/2023-fryderyk-award-nominations-for-poznan-philharmonic-orchestra-and-lukasz-borowicz\/","og_site_name":"Filharmonia Pozna\u0144ska","article_published_time":"2023-03-23T13:16:49+00:00","article_modified_time":"2023-03-27T09:26:12+00:00","og_image":[{"url":"https:\/\/filharmoniapoznanska.pl\/wp-content\/uploads\/2023\/03\/1204249256959829_baner_nominacja-fryderyk_01-EN1.jpg","type":"","width":"","height":""}],"author":"Magdalena Smieszala","twitter_card":"summary_large_image","twitter_misc":{"Written by":"Magdalena Smieszala","Est. reading time":"3 minutes"},"schema":{"@context":"https:\/\/schema.org","@graph":[{"@type":"Article","@id":"https:\/\/filharmoniapoznanska.pl\/en\/2023-fryderyk-award-nominations-for-poznan-philharmonic-orchestra-and-lukasz-borowicz\/#article","isPartOf":{"@id":"https:\/\/filharmoniapoznanska.pl\/en\/2023-fryderyk-award-nominations-for-poznan-philharmonic-orchestra-and-lukasz-borowicz\/"},"author":{"name":"Magdalena Smieszala","@id":"https:\/\/filharmoniapoznanska.pl\/#\/schema\/person\/1275f5e642860ca78155117b935a25f6"},"headline":"2023 FRYDERYK AWARD &#8211; NOMINATIONS FOR POZNA\u0143 PHILHARMONIC ORCHESTRA AND \u0141UKASZ BOROWICZ","datePublished":"2023-03-23T13:16:49+00:00","dateModified":"2023-03-27T09:26:12+00:00","mainEntityOfPage":{"@id":"https:\/\/filharmoniapoznanska.pl\/en\/2023-fryderyk-award-nominations-for-poznan-philharmonic-orchestra-and-lukasz-borowicz\/"},"wordCount":348,"image":{"@id":"https:\/\/filharmoniapoznanska.pl\/en\/2023-fryderyk-award-nominations-for-poznan-philharmonic-orchestra-and-lukasz-borowicz\/#primaryimage"},"thumbnailUrl":"https:\/\/filharmoniapoznanska.pl\/wp-content\/uploads\/2023\/03\/1204249256959829_baner_nominacja-fryderyk_01-EN1.jpg","articleSection":["Bez kategorii"],"inLanguage":"en-US"},{"@type":"WebPage","@id":"https:\/\/filharmoniapoznanska.pl\/en\/2023-fryderyk-award-nominations-for-poznan-philharmonic-orchestra-and-lukasz-borowicz\/","url":"https:\/\/filharmoniapoznanska.pl\/en\/2023-fryderyk-award-nominations-for-poznan-philharmonic-orchestra-and-lukasz-borowicz\/","name":"Filharmonia Pozna\u0144ska 2023 FRYDERYK AWARD - NOMINATIONS FOR POZNA\u0143 PHILHARMONIC ORCHESTRA AND \u0141UKASZ BOROWICZ","isPartOf":{"@id":"https:\/\/filharmoniapoznanska.pl\/#website"},"primaryImageOfPage":{"@id":"https:\/\/filharmoniapoznanska.pl\/en\/2023-fryderyk-award-nominations-for-poznan-philharmonic-orchestra-and-lukasz-borowicz\/#primaryimage"},"image":{"@id":"https:\/\/filharmoniapoznanska.pl\/en\/2023-fryderyk-award-nominations-for-poznan-philharmonic-orchestra-and-lukasz-borowicz\/#primaryimage"},"thumbnailUrl":"https:\/\/filharmoniapoznanska.pl\/wp-content\/uploads\/2023\/03\/1204249256959829_baner_nominacja-fryderyk_01-EN1.jpg","datePublished":"2023-03-23T13:16:49+00:00","dateModified":"2023-03-27T09:26:12+00:00","author":{"@id":"https:\/\/filharmoniapoznanska.pl\/#\/schema\/person\/1275f5e642860ca78155117b935a25f6"},"breadcrumb":{"@id":"https:\/\/filharmoniapoznanska.pl\/en\/2023-fryderyk-award-nominations-for-poznan-philharmonic-orchestra-and-lukasz-borowicz\/#breadcrumb"},"inLanguage":"en-US","potentialAction":[{"@type":"ReadAction","target":["https:\/\/filharmoniapoznanska.pl\/en\/2023-fryderyk-award-nominations-for-poznan-philharmonic-orchestra-and-lukasz-borowicz\/"]}]},{"@type":"ImageObject","inLanguage":"en-US","@id":"https:\/\/filharmoniapoznanska.pl\/en\/2023-fryderyk-award-nominations-for-poznan-philharmonic-orchestra-and-lukasz-borowicz\/#primaryimage","url":"https:\/\/filharmoniapoznanska.pl\/wp-content\/uploads\/2023\/03\/1204249256959829_baner_nominacja-fryderyk_01-EN1.jpg","contentUrl":"https:\/\/filharmoniapoznanska.pl\/wp-content\/uploads\/2023\/03\/1204249256959829_baner_nominacja-fryderyk_01-EN1.jpg"},{"@type":"BreadcrumbList","@id":"https:\/\/filharmoniapoznanska.pl\/en\/2023-fryderyk-award-nominations-for-poznan-philharmonic-orchestra-and-lukasz-borowicz\/#breadcrumb","itemListElement":[{"@type":"ListItem","position":1,"name":"Strona g\u0142\u00f3wna","item":"https:\/\/filharmoniapoznanska.pl\/en\/"},{"@type":"ListItem","position":2,"name":"2023 FRYDERYK AWARD &#8211; NOMINATIONS FOR POZNA\u0143 PHILHARMONIC ORCHESTRA AND \u0141UKASZ BOROWICZ"}]},{"@type":"WebSite","@id":"https:\/\/filharmoniapoznanska.pl\/#website","url":"https:\/\/filharmoniapoznanska.pl\/","name":"Filharmonia Pozna\u0144ska","description":"","potentialAction":[{"@type":"SearchAction","target":{"@type":"EntryPoint","urlTemplate":"https:\/\/filharmoniapoznanska.pl\/?s={search_term_string}"},"query-input":{"@type":"PropertyValueSpecification","valueRequired":true,"valueName":"search_term_string"}}],"inLanguage":"en-US"},{"@type":"Person","@id":"https:\/\/filharmoniapoznanska.pl\/#\/schema\/person\/1275f5e642860ca78155117b935a25f6","name":"Magdalena Smieszala","image":{"@type":"ImageObject","inLanguage":"en-US","@id":"https:\/\/secure.gravatar.com\/avatar\/5818fe0ddbba1db9e999fe5475b267cc756422dd89bc49754cb83cb8a6b24656?s=96&d=mm&r=g","url":"https:\/\/secure.gravatar.com\/avatar\/5818fe0ddbba1db9e999fe5475b267cc756422dd89bc49754cb83cb8a6b24656?s=96&d=mm&r=g","contentUrl":"https:\/\/secure.gravatar.com\/avatar\/5818fe0ddbba1db9e999fe5475b267cc756422dd89bc49754cb83cb8a6b24656?s=96&d=mm&r=g","caption":"Magdalena Smieszala"}}]}},"_links":{"self":[{"href":"https:\/\/filharmoniapoznanska.pl\/en\/wp-json\/wp\/v2\/posts\/26202","targetHints":{"allow":["GET"]}}],"collection":[{"href":"https:\/\/filharmoniapoznanska.pl\/en\/wp-json\/wp\/v2\/posts"}],"about":[{"href":"https:\/\/filharmoniapoznanska.pl\/en\/wp-json\/wp\/v2\/types\/post"}],"author":[{"embeddable":true,"href":"https:\/\/filharmoniapoznanska.pl\/en\/wp-json\/wp\/v2\/users\/7"}],"replies":[{"embeddable":true,"href":"https:\/\/filharmoniapoznanska.pl\/en\/wp-json\/wp\/v2\/comments?post=26202"}],"version-history":[{"count":2,"href":"https:\/\/filharmoniapoznanska.pl\/en\/wp-json\/wp\/v2\/posts\/26202\/revisions"}],"predecessor-version":[{"id":26206,"href":"https:\/\/filharmoniapoznanska.pl\/en\/wp-json\/wp\/v2\/posts\/26202\/revisions\/26206"}],"wp:attachment":[{"href":"https:\/\/filharmoniapoznanska.pl\/en\/wp-json\/wp\/v2\/media?parent=26202"}],"wp:term":[{"taxonomy":"category","embeddable":true,"href":"https:\/\/filharmoniapoznanska.pl\/en\/wp-json\/wp\/v2\/categories?post=26202"},{"taxonomy":"post_tag","embeddable":true,"href":"https:\/\/filharmoniapoznanska.pl\/en\/wp-json\/wp\/v2\/tags?post=26202"}],"curies":[{"name":"wp","href":"https:\/\/api.w.org\/{rel}","templated":true}]}}