{"id":25045,"date":"2022-11-03T14:46:49","date_gmt":"2022-11-03T13:46:49","guid":{"rendered":"https:\/\/filharmoniapoznanska.pl\/?p=25045"},"modified":"2022-11-08T14:53:48","modified_gmt":"2022-11-08T13:53:48","slug":"romuald-polczynski-is-dead","status":"publish","type":"post","link":"https:\/\/filharmoniapoznanska.pl\/en\/romuald-polczynski-is-dead\/","title":{"rendered":"Romuald Po\u0142czy\u0144ski Is Dead"},"content":{"rendered":"<p><strong>Romuald Po\u0142czy\u0144ski Is Dead<br \/>\n<\/strong><strong>(29 Dec. 1933 \u2013 2 Nov. 2022)<\/strong><\/p>\n<p><img decoding=\"async\" src=\"https:\/\/filharmoniapoznanska.pl\/wp-content\/uploads\/2022\/11\/IMG_1370a-czarno-biale-160x300.jpg\" \/><\/p>\n<p>It was only yesterday that we appended the Friday concert programme book with his minor corrections. He had a good way with words and excellent journalistic competence: an editor with the <em>Express Pozna\u0144ski<\/em> for over four decades, he climbed the career ladder all the way to the position of editor-in-chief of this once popular evening paper.<\/p>\n<p>Retired for several years, he never stopped writing. Particularly, about his beloved music, as he could not imagine life without it. Associated with Henryk Wieniawski Musical Society, he co-organised the Wieniawski Competitions. He had a permanent seat at philharmonic concerts in the University Auditorium, and unless illness or some extraordinary event stood in his way, he was always there.<\/p>\n<p>Sixty-one years ago, it was him to have thought up the Pozna\u0144 Concerts; and he was very proud of them. In the early-January, when we celebrated the sixtieth anniversary of musical meetings that no other place in Poland has seen, he talked from the stage about the beginnings of this concert series, remembered the first Pozna\u0144 Concert, and thanked all those who contributed to their organisation over the six decades. And musicians and music-lovers thanked him for the very idea that has been developing so splendidly.<\/p>\n<p>He was looking forward to the 500th Pozna\u0144 Concert, which will be held on Friday, on the night of 4 November. He wrote a special text about his \u201cmusical child\u201d for the concert programme. And closed it with words that sound almost like his last will today:<\/p>\n<p><em>The Pozna\u0144 Concerts were born in a different world. There is no <\/em>Express <em>anymore, gone are the-then trade unions, gone are a number of us who remembered the premiere event and lived to see the 500th edition of the still much-needed musical meetings. Singing the joyful <\/em>Magnificat,<em> we harbour hope that although born in the previous century, the event is still very much alive, and is yet to see many a round anniversary.<\/em><\/p>\n<p>Romuald Po\u0142czy\u0144ski died on 2 November 2022. We shall miss him.<\/p>\n","protected":false},"excerpt":{"rendered":"<p>Romuald Po\u0142czy\u0144ski Is Dead (29 Dec. 1933 \u2013 2 Nov. 2022) It was only yesterday that we appended the Friday concert programme book with his minor corrections. He had a good way with words and excellent journalistic competence: an editor with the Express Pozna\u0144ski for over four decades, he climbed the career ladder all the [&hellip;]<\/p>\n","protected":false},"author":7,"featured_media":0,"comment_status":"closed","ping_status":"closed","sticky":false,"template":"","format":"standard","meta":{"_acf_changed":false,"footnotes":""},"categories":[],"tags":[],"class_list":["post-25045","post","type-post","status-publish","format-standard","hentry"],"acf":[],"yoast_head":"<!-- This site is optimized with the Yoast SEO plugin v27.3 - https:\/\/yoast.com\/product\/yoast-seo-wordpress\/ -->\n<title>Filharmonia Pozna\u0144ska Romuald Po\u0142czy\u0144ski Is Dead<\/title>\n<meta name=\"robots\" content=\"index, follow, max-snippet:-1, max-image-preview:large, max-video-preview:-1\" \/>\n<link rel=\"canonical\" href=\"https:\/\/filharmoniapoznanska.pl\/en\/romuald-polczynski-is-dead\/\" \/>\n<meta property=\"og:locale\" content=\"en_US\" \/>\n<meta property=\"og:type\" content=\"article\" \/>\n<meta property=\"og:title\" content=\"Filharmonia Pozna\u0144ska Romuald Po\u0142czy\u0144ski Is Dead\" \/>\n<meta property=\"og:description\" content=\"Romuald Po\u0142czy\u0144ski Is Dead (29 Dec. 1933 \u2013 2 Nov. 2022) It was only yesterday that we appended the Friday concert programme book with his minor corrections. He had a good way with words and excellent journalistic competence: an editor with the Express Pozna\u0144ski for over four decades, he climbed the career ladder all the [&hellip;]\" \/>\n<meta property=\"og:url\" content=\"https:\/\/filharmoniapoznanska.pl\/en\/romuald-polczynski-is-dead\/\" \/>\n<meta property=\"og:site_name\" content=\"Filharmonia Pozna\u0144ska\" \/>\n<meta property=\"article:published_time\" content=\"2022-11-03T13:46:49+00:00\" \/>\n<meta property=\"article:modified_time\" content=\"2022-11-08T13:53:48+00:00\" \/>\n<meta property=\"og:image\" content=\"https:\/\/filharmoniapoznanska.pl\/wp-content\/uploads\/2022\/11\/IMG_1370a-czarno-biale-160x300.jpg\" \/>\n<meta name=\"author\" content=\"Magdalena Smieszala\" \/>\n<meta name=\"twitter:card\" content=\"summary_large_image\" \/>\n<meta name=\"twitter:label1\" content=\"Written by\" \/>\n\t<meta name=\"twitter:data1\" content=\"Magdalena Smieszala\" \/>\n\t<meta name=\"twitter:label2\" content=\"Est. reading time\" \/>\n\t<meta name=\"twitter:data2\" content=\"3 minutes\" \/>\n<script type=\"application\/ld+json\" class=\"yoast-schema-graph\">{\"@context\":\"https:\\\/\\\/schema.org\",\"@graph\":[{\"@type\":\"Article\",\"@id\":\"https:\\\/\\\/filharmoniapoznanska.pl\\\/en\\\/romuald-polczynski-is-dead\\\/#article\",\"isPartOf\":{\"@id\":\"https:\\\/\\\/filharmoniapoznanska.pl\\\/en\\\/romuald-polczynski-is-dead\\\/\"},\"author\":{\"name\":\"Magdalena Smieszala\",\"@id\":\"https:\\\/\\\/filharmoniapoznanska.pl\\\/#\\\/schema\\\/person\\\/1275f5e642860ca78155117b935a25f6\"},\"headline\":\"Romuald Po\u0142czy\u0144ski Is Dead\",\"datePublished\":\"2022-11-03T13:46:49+00:00\",\"dateModified\":\"2022-11-08T13:53:48+00:00\",\"mainEntityOfPage\":{\"@id\":\"https:\\\/\\\/filharmoniapoznanska.pl\\\/en\\\/romuald-polczynski-is-dead\\\/\"},\"wordCount\":346,\"image\":{\"@id\":\"https:\\\/\\\/filharmoniapoznanska.pl\\\/en\\\/romuald-polczynski-is-dead\\\/#primaryimage\"},\"thumbnailUrl\":\"https:\\\/\\\/filharmoniapoznanska.pl\\\/wp-content\\\/uploads\\\/2022\\\/11\\\/IMG_1370a-czarno-biale-160x300.jpg\",\"inLanguage\":\"en-US\"},{\"@type\":\"WebPage\",\"@id\":\"https:\\\/\\\/filharmoniapoznanska.pl\\\/en\\\/romuald-polczynski-is-dead\\\/\",\"url\":\"https:\\\/\\\/filharmoniapoznanska.pl\\\/en\\\/romuald-polczynski-is-dead\\\/\",\"name\":\"Filharmonia Pozna\u0144ska Romuald Po\u0142czy\u0144ski Is Dead\",\"isPartOf\":{\"@id\":\"https:\\\/\\\/filharmoniapoznanska.pl\\\/#website\"},\"primaryImageOfPage\":{\"@id\":\"https:\\\/\\\/filharmoniapoznanska.pl\\\/en\\\/romuald-polczynski-is-dead\\\/#primaryimage\"},\"image\":{\"@id\":\"https:\\\/\\\/filharmoniapoznanska.pl\\\/en\\\/romuald-polczynski-is-dead\\\/#primaryimage\"},\"thumbnailUrl\":\"https:\\\/\\\/filharmoniapoznanska.pl\\\/wp-content\\\/uploads\\\/2022\\\/11\\\/IMG_1370a-czarno-biale-160x300.jpg\",\"datePublished\":\"2022-11-03T13:46:49+00:00\",\"dateModified\":\"2022-11-08T13:53:48+00:00\",\"author\":{\"@id\":\"https:\\\/\\\/filharmoniapoznanska.pl\\\/#\\\/schema\\\/person\\\/1275f5e642860ca78155117b935a25f6\"},\"breadcrumb\":{\"@id\":\"https:\\\/\\\/filharmoniapoznanska.pl\\\/en\\\/romuald-polczynski-is-dead\\\/#breadcrumb\"},\"inLanguage\":\"en-US\",\"potentialAction\":[{\"@type\":\"ReadAction\",\"target\":[\"https:\\\/\\\/filharmoniapoznanska.pl\\\/en\\\/romuald-polczynski-is-dead\\\/\"]}]},{\"@type\":\"ImageObject\",\"inLanguage\":\"en-US\",\"@id\":\"https:\\\/\\\/filharmoniapoznanska.pl\\\/en\\\/romuald-polczynski-is-dead\\\/#primaryimage\",\"url\":\"https:\\\/\\\/filharmoniapoznanska.pl\\\/wp-content\\\/uploads\\\/2022\\\/11\\\/IMG_1370a-czarno-biale-160x300.jpg\",\"contentUrl\":\"https:\\\/\\\/filharmoniapoznanska.pl\\\/wp-content\\\/uploads\\\/2022\\\/11\\\/IMG_1370a-czarno-biale-160x300.jpg\"},{\"@type\":\"BreadcrumbList\",\"@id\":\"https:\\\/\\\/filharmoniapoznanska.pl\\\/en\\\/romuald-polczynski-is-dead\\\/#breadcrumb\",\"itemListElement\":[{\"@type\":\"ListItem\",\"position\":1,\"name\":\"Strona g\u0142\u00f3wna\",\"item\":\"https:\\\/\\\/filharmoniapoznanska.pl\\\/en\\\/\"},{\"@type\":\"ListItem\",\"position\":2,\"name\":\"Romuald Po\u0142czy\u0144ski Is Dead\"}]},{\"@type\":\"WebSite\",\"@id\":\"https:\\\/\\\/filharmoniapoznanska.pl\\\/#website\",\"url\":\"https:\\\/\\\/filharmoniapoznanska.pl\\\/\",\"name\":\"Filharmonia Pozna\u0144ska\",\"description\":\"\",\"potentialAction\":[{\"@type\":\"SearchAction\",\"target\":{\"@type\":\"EntryPoint\",\"urlTemplate\":\"https:\\\/\\\/filharmoniapoznanska.pl\\\/?s={search_term_string}\"},\"query-input\":{\"@type\":\"PropertyValueSpecification\",\"valueRequired\":true,\"valueName\":\"search_term_string\"}}],\"inLanguage\":\"en-US\"},{\"@type\":\"Person\",\"@id\":\"https:\\\/\\\/filharmoniapoznanska.pl\\\/#\\\/schema\\\/person\\\/1275f5e642860ca78155117b935a25f6\",\"name\":\"Magdalena Smieszala\",\"image\":{\"@type\":\"ImageObject\",\"inLanguage\":\"en-US\",\"@id\":\"https:\\\/\\\/secure.gravatar.com\\\/avatar\\\/5818fe0ddbba1db9e999fe5475b267cc756422dd89bc49754cb83cb8a6b24656?s=96&d=mm&r=g\",\"url\":\"https:\\\/\\\/secure.gravatar.com\\\/avatar\\\/5818fe0ddbba1db9e999fe5475b267cc756422dd89bc49754cb83cb8a6b24656?s=96&d=mm&r=g\",\"contentUrl\":\"https:\\\/\\\/secure.gravatar.com\\\/avatar\\\/5818fe0ddbba1db9e999fe5475b267cc756422dd89bc49754cb83cb8a6b24656?s=96&d=mm&r=g\",\"caption\":\"Magdalena Smieszala\"}}]}<\/script>\n<!-- \/ Yoast SEO plugin. -->","yoast_head_json":{"title":"Filharmonia Pozna\u0144ska Romuald Po\u0142czy\u0144ski Is Dead","robots":{"index":"index","follow":"follow","max-snippet":"max-snippet:-1","max-image-preview":"max-image-preview:large","max-video-preview":"max-video-preview:-1"},"canonical":"https:\/\/filharmoniapoznanska.pl\/en\/romuald-polczynski-is-dead\/","og_locale":"en_US","og_type":"article","og_title":"Filharmonia Pozna\u0144ska Romuald Po\u0142czy\u0144ski Is Dead","og_description":"Romuald Po\u0142czy\u0144ski Is Dead (29 Dec. 1933 \u2013 2 Nov. 2022) It was only yesterday that we appended the Friday concert programme book with his minor corrections. He had a good way with words and excellent journalistic competence: an editor with the Express Pozna\u0144ski for over four decades, he climbed the career ladder all the [&hellip;]","og_url":"https:\/\/filharmoniapoznanska.pl\/en\/romuald-polczynski-is-dead\/","og_site_name":"Filharmonia Pozna\u0144ska","article_published_time":"2022-11-03T13:46:49+00:00","article_modified_time":"2022-11-08T13:53:48+00:00","og_image":[{"url":"https:\/\/filharmoniapoznanska.pl\/wp-content\/uploads\/2022\/11\/IMG_1370a-czarno-biale-160x300.jpg","type":"","width":"","height":""}],"author":"Magdalena Smieszala","twitter_card":"summary_large_image","twitter_misc":{"Written by":"Magdalena Smieszala","Est. reading time":"3 minutes"},"schema":{"@context":"https:\/\/schema.org","@graph":[{"@type":"Article","@id":"https:\/\/filharmoniapoznanska.pl\/en\/romuald-polczynski-is-dead\/#article","isPartOf":{"@id":"https:\/\/filharmoniapoznanska.pl\/en\/romuald-polczynski-is-dead\/"},"author":{"name":"Magdalena Smieszala","@id":"https:\/\/filharmoniapoznanska.pl\/#\/schema\/person\/1275f5e642860ca78155117b935a25f6"},"headline":"Romuald Po\u0142czy\u0144ski Is Dead","datePublished":"2022-11-03T13:46:49+00:00","dateModified":"2022-11-08T13:53:48+00:00","mainEntityOfPage":{"@id":"https:\/\/filharmoniapoznanska.pl\/en\/romuald-polczynski-is-dead\/"},"wordCount":346,"image":{"@id":"https:\/\/filharmoniapoznanska.pl\/en\/romuald-polczynski-is-dead\/#primaryimage"},"thumbnailUrl":"https:\/\/filharmoniapoznanska.pl\/wp-content\/uploads\/2022\/11\/IMG_1370a-czarno-biale-160x300.jpg","inLanguage":"en-US"},{"@type":"WebPage","@id":"https:\/\/filharmoniapoznanska.pl\/en\/romuald-polczynski-is-dead\/","url":"https:\/\/filharmoniapoznanska.pl\/en\/romuald-polczynski-is-dead\/","name":"Filharmonia Pozna\u0144ska Romuald Po\u0142czy\u0144ski Is Dead","isPartOf":{"@id":"https:\/\/filharmoniapoznanska.pl\/#website"},"primaryImageOfPage":{"@id":"https:\/\/filharmoniapoznanska.pl\/en\/romuald-polczynski-is-dead\/#primaryimage"},"image":{"@id":"https:\/\/filharmoniapoznanska.pl\/en\/romuald-polczynski-is-dead\/#primaryimage"},"thumbnailUrl":"https:\/\/filharmoniapoznanska.pl\/wp-content\/uploads\/2022\/11\/IMG_1370a-czarno-biale-160x300.jpg","datePublished":"2022-11-03T13:46:49+00:00","dateModified":"2022-11-08T13:53:48+00:00","author":{"@id":"https:\/\/filharmoniapoznanska.pl\/#\/schema\/person\/1275f5e642860ca78155117b935a25f6"},"breadcrumb":{"@id":"https:\/\/filharmoniapoznanska.pl\/en\/romuald-polczynski-is-dead\/#breadcrumb"},"inLanguage":"en-US","potentialAction":[{"@type":"ReadAction","target":["https:\/\/filharmoniapoznanska.pl\/en\/romuald-polczynski-is-dead\/"]}]},{"@type":"ImageObject","inLanguage":"en-US","@id":"https:\/\/filharmoniapoznanska.pl\/en\/romuald-polczynski-is-dead\/#primaryimage","url":"https:\/\/filharmoniapoznanska.pl\/wp-content\/uploads\/2022\/11\/IMG_1370a-czarno-biale-160x300.jpg","contentUrl":"https:\/\/filharmoniapoznanska.pl\/wp-content\/uploads\/2022\/11\/IMG_1370a-czarno-biale-160x300.jpg"},{"@type":"BreadcrumbList","@id":"https:\/\/filharmoniapoznanska.pl\/en\/romuald-polczynski-is-dead\/#breadcrumb","itemListElement":[{"@type":"ListItem","position":1,"name":"Strona g\u0142\u00f3wna","item":"https:\/\/filharmoniapoznanska.pl\/en\/"},{"@type":"ListItem","position":2,"name":"Romuald Po\u0142czy\u0144ski Is Dead"}]},{"@type":"WebSite","@id":"https:\/\/filharmoniapoznanska.pl\/#website","url":"https:\/\/filharmoniapoznanska.pl\/","name":"Filharmonia Pozna\u0144ska","description":"","potentialAction":[{"@type":"SearchAction","target":{"@type":"EntryPoint","urlTemplate":"https:\/\/filharmoniapoznanska.pl\/?s={search_term_string}"},"query-input":{"@type":"PropertyValueSpecification","valueRequired":true,"valueName":"search_term_string"}}],"inLanguage":"en-US"},{"@type":"Person","@id":"https:\/\/filharmoniapoznanska.pl\/#\/schema\/person\/1275f5e642860ca78155117b935a25f6","name":"Magdalena Smieszala","image":{"@type":"ImageObject","inLanguage":"en-US","@id":"https:\/\/secure.gravatar.com\/avatar\/5818fe0ddbba1db9e999fe5475b267cc756422dd89bc49754cb83cb8a6b24656?s=96&d=mm&r=g","url":"https:\/\/secure.gravatar.com\/avatar\/5818fe0ddbba1db9e999fe5475b267cc756422dd89bc49754cb83cb8a6b24656?s=96&d=mm&r=g","contentUrl":"https:\/\/secure.gravatar.com\/avatar\/5818fe0ddbba1db9e999fe5475b267cc756422dd89bc49754cb83cb8a6b24656?s=96&d=mm&r=g","caption":"Magdalena Smieszala"}}]}},"_links":{"self":[{"href":"https:\/\/filharmoniapoznanska.pl\/en\/wp-json\/wp\/v2\/posts\/25045","targetHints":{"allow":["GET"]}}],"collection":[{"href":"https:\/\/filharmoniapoznanska.pl\/en\/wp-json\/wp\/v2\/posts"}],"about":[{"href":"https:\/\/filharmoniapoznanska.pl\/en\/wp-json\/wp\/v2\/types\/post"}],"author":[{"embeddable":true,"href":"https:\/\/filharmoniapoznanska.pl\/en\/wp-json\/wp\/v2\/users\/7"}],"replies":[{"embeddable":true,"href":"https:\/\/filharmoniapoznanska.pl\/en\/wp-json\/wp\/v2\/comments?post=25045"}],"version-history":[{"count":1,"href":"https:\/\/filharmoniapoznanska.pl\/en\/wp-json\/wp\/v2\/posts\/25045\/revisions"}],"predecessor-version":[{"id":25046,"href":"https:\/\/filharmoniapoznanska.pl\/en\/wp-json\/wp\/v2\/posts\/25045\/revisions\/25046"}],"wp:attachment":[{"href":"https:\/\/filharmoniapoznanska.pl\/en\/wp-json\/wp\/v2\/media?parent=25045"}],"wp:term":[{"taxonomy":"category","embeddable":true,"href":"https:\/\/filharmoniapoznanska.pl\/en\/wp-json\/wp\/v2\/categories?post=25045"},{"taxonomy":"post_tag","embeddable":true,"href":"https:\/\/filharmoniapoznanska.pl\/en\/wp-json\/wp\/v2\/tags?post=25045"}],"curies":[{"name":"wp","href":"https:\/\/api.w.org\/{rel}","templated":true}]}}