{"id":23094,"date":"2022-03-24T16:27:53","date_gmt":"2022-03-24T15:27:53","guid":{"rendered":"https:\/\/filharmoniapoznanska.pl\/poznanscy-filharmonicy-nominowani-do-nagrody-fryderyka\/"},"modified":"2022-03-25T12:20:11","modified_gmt":"2022-03-25T11:20:11","slug":"poznanscy-filharmonicy-nominowani-do-nagrody-fryderyka","status":"publish","type":"post","link":"https:\/\/filharmoniapoznanska.pl\/en\/poznanscy-filharmonicy-nominowani-do-nagrody-fryderyka\/","title":{"rendered":"POZNAN PHILHARMONIC ORCHESTRA NOMINATED FOR FRYDERYK AWARD"},"content":{"rendered":"<p><img loading=\"lazy\" decoding=\"async\" class=\"alignnone size-full wp-image-23101\" src=\"https:\/\/filharmoniapoznanska.pl\/wp-content\/uploads\/2018\/12\/Baner-www-FP-Fryderyk-2.jpg\" alt=\"\" width=\"940\" height=\"347\" srcset=\"https:\/\/filharmoniapoznanska.pl\/wp-content\/uploads\/2018\/12\/Baner-www-FP-Fryderyk-2.jpg 940w, https:\/\/filharmoniapoznanska.pl\/wp-content\/uploads\/2018\/12\/Baner-www-FP-Fryderyk-2-300x111.jpg 300w, https:\/\/filharmoniapoznanska.pl\/wp-content\/uploads\/2018\/12\/Baner-www-FP-Fryderyk-2-768x284.jpg 768w, https:\/\/filharmoniapoznanska.pl\/wp-content\/uploads\/2018\/12\/Baner-www-FP-Fryderyk-2-660x244.jpg 660w, https:\/\/filharmoniapoznanska.pl\/wp-content\/uploads\/2018\/12\/Baner-www-FP-Fryderyk-2-740x273.jpg 740w\" sizes=\"auto, (max-width: 940px) 100vw, 940px\" \/><\/p>\n<p>Traditionally another album of Poznan Philharmonic Orchestra was nominated for the Fryderyk award. This time it\u2019s <em>Faniska<\/em> by Luigi Cherubini, nominated for the Fryderyk 2022 award in the category <em>Album of the Year \u2013 Oratorio and Opera Music<\/em>.<\/p>\n<p>Poznan Philharmonic Orchestra recorded it along with Natalia Rubi\u015b (soprano), Krystian Adam Krzeszowiak (tenor), Katarzyna Belkius (soprano), Robert Gierlach (bass-baritone), Tomasz Rak (baritone), Justyna O\u0142\u00f3w (mezzosoprano), Piotr Kalina (tenor) and Poznan Chamber Choir prepared by Bartosz Micha\u0142owski. The performance was led by \u0141ukasz Borowicz.<\/p>\n<p>Cherubini\u2019s opera (with the libretto by Joseph Sonnleithner) was commissioned by the management of the Viennese Hofoper in spring 1805. The premiere performance took place in K\u00e4rntnertortheater in Vien-na on the 25th of February 1806 in the presence of the Emperor Franz II. The work fascinated Ludwig van Beethoven so much that he decided to create an opera too, and he did write one \u2013 <em>Fidelio<\/em>.<\/p>\n<p>The opera is set in Poland, in one of the magnate castles near Sandomierz. Two main characters \u2013 Zamoski and Rasinski \u2013 are divided rulers of neighbouring provinces and the main theme concerns the attempt to release Faniska, Rasinski\u2019s wife, who is held in custody by Zamoski in his castle\u2019s dungeons. Everything leads to a happy ending.<\/p>\n<p>The double album, which is a world phonographic premiere in the discography of Poznan Philharmonic Orchestra, was released in December 2020 by the DUX label. In October 2020 the concert version of the <em>Faniska<\/em> opera was performed in the Warsaw Philharmonic, at the 24. Ludwig van Beethoven Easter Festival, which was had been put off to autumn due to pandemic.<\/p>\n","protected":false},"excerpt":{"rendered":"<p>Traditionally another album of Poznan Philharmonic Orchestra was nominated for the Fryderyk award. This time it\u2019s Faniska by Luigi Cherubini, nominated for the Fryderyk 2022 award in the category Album of the Year \u2013 Oratorio and Opera Music. Poznan Philharmonic Orchestra recorded it along with Natalia Rubi\u015b (soprano), Krystian Adam Krzeszowiak (tenor), Katarzyna Belkius (soprano), [&hellip;]<\/p>\n","protected":false},"author":3,"featured_media":0,"comment_status":"closed","ping_status":"closed","sticky":false,"template":"","format":"standard","meta":{"_acf_changed":false,"footnotes":""},"categories":[27],"tags":[],"class_list":["post-23094","post","type-post","status-publish","format-standard","hentry","category-bez-kategorii-en"],"acf":[],"yoast_head":"<!-- This site is optimized with the Yoast SEO plugin v27.3 - https:\/\/yoast.com\/product\/yoast-seo-wordpress\/ -->\n<title>Filharmonia Pozna\u0144ska POZNAN PHILHARMONIC ORCHESTRA NOMINATED FOR FRYDERYK AWARD<\/title>\n<meta name=\"robots\" content=\"index, follow, max-snippet:-1, max-image-preview:large, max-video-preview:-1\" \/>\n<link rel=\"canonical\" href=\"https:\/\/filharmoniapoznanska.pl\/en\/poznanscy-filharmonicy-nominowani-do-nagrody-fryderyka\/\" \/>\n<meta property=\"og:locale\" content=\"en_US\" \/>\n<meta property=\"og:type\" content=\"article\" \/>\n<meta property=\"og:title\" content=\"Filharmonia Pozna\u0144ska POZNAN PHILHARMONIC ORCHESTRA NOMINATED FOR FRYDERYK AWARD\" \/>\n<meta property=\"og:description\" content=\"Traditionally another album of Poznan Philharmonic Orchestra was nominated for the Fryderyk award. This time it\u2019s Faniska by Luigi Cherubini, nominated for the Fryderyk 2022 award in the category Album of the Year \u2013 Oratorio and Opera Music. Poznan Philharmonic Orchestra recorded it along with Natalia Rubi\u015b (soprano), Krystian Adam Krzeszowiak (tenor), Katarzyna Belkius (soprano), [&hellip;]\" \/>\n<meta property=\"og:url\" content=\"https:\/\/filharmoniapoznanska.pl\/en\/poznanscy-filharmonicy-nominowani-do-nagrody-fryderyka\/\" \/>\n<meta property=\"og:site_name\" content=\"Filharmonia Pozna\u0144ska\" \/>\n<meta property=\"article:published_time\" content=\"2022-03-24T15:27:53+00:00\" \/>\n<meta property=\"article:modified_time\" content=\"2022-03-25T11:20:11+00:00\" \/>\n<meta property=\"og:image\" content=\"https:\/\/filharmoniapoznanska.pl\/wp-content\/uploads\/2018\/12\/Baner-www-FP-Fryderyk-2.jpg\" \/>\n<meta name=\"author\" content=\"Katarzyna\" \/>\n<meta name=\"twitter:card\" content=\"summary_large_image\" \/>\n<meta name=\"twitter:label1\" content=\"Written by\" \/>\n\t<meta name=\"twitter:data1\" content=\"Katarzyna\" \/>\n\t<meta name=\"twitter:label2\" content=\"Est. reading time\" \/>\n\t<meta name=\"twitter:data2\" content=\"2 minutes\" \/>\n<script type=\"application\/ld+json\" class=\"yoast-schema-graph\">{\"@context\":\"https:\\\/\\\/schema.org\",\"@graph\":[{\"@type\":\"Article\",\"@id\":\"https:\\\/\\\/filharmoniapoznanska.pl\\\/en\\\/poznanscy-filharmonicy-nominowani-do-nagrody-fryderyka\\\/#article\",\"isPartOf\":{\"@id\":\"https:\\\/\\\/filharmoniapoznanska.pl\\\/en\\\/poznanscy-filharmonicy-nominowani-do-nagrody-fryderyka\\\/\"},\"author\":{\"name\":\"Katarzyna\",\"@id\":\"https:\\\/\\\/filharmoniapoznanska.pl\\\/#\\\/schema\\\/person\\\/97ad778439761f146e08647d0bdacfd4\"},\"headline\":\"POZNAN PHILHARMONIC ORCHESTRA NOMINATED FOR FRYDERYK AWARD\",\"datePublished\":\"2022-03-24T15:27:53+00:00\",\"dateModified\":\"2022-03-25T11:20:11+00:00\",\"mainEntityOfPage\":{\"@id\":\"https:\\\/\\\/filharmoniapoznanska.pl\\\/en\\\/poznanscy-filharmonicy-nominowani-do-nagrody-fryderyka\\\/\"},\"wordCount\":269,\"image\":{\"@id\":\"https:\\\/\\\/filharmoniapoznanska.pl\\\/en\\\/poznanscy-filharmonicy-nominowani-do-nagrody-fryderyka\\\/#primaryimage\"},\"thumbnailUrl\":\"https:\\\/\\\/filharmoniapoznanska.pl\\\/wp-content\\\/uploads\\\/2018\\\/12\\\/Baner-www-FP-Fryderyk-2.jpg\",\"articleSection\":[\"Bez kategorii\"],\"inLanguage\":\"en-US\"},{\"@type\":\"WebPage\",\"@id\":\"https:\\\/\\\/filharmoniapoznanska.pl\\\/en\\\/poznanscy-filharmonicy-nominowani-do-nagrody-fryderyka\\\/\",\"url\":\"https:\\\/\\\/filharmoniapoznanska.pl\\\/en\\\/poznanscy-filharmonicy-nominowani-do-nagrody-fryderyka\\\/\",\"name\":\"Filharmonia Pozna\u0144ska POZNAN PHILHARMONIC ORCHESTRA NOMINATED FOR FRYDERYK AWARD\",\"isPartOf\":{\"@id\":\"https:\\\/\\\/filharmoniapoznanska.pl\\\/#website\"},\"primaryImageOfPage\":{\"@id\":\"https:\\\/\\\/filharmoniapoznanska.pl\\\/en\\\/poznanscy-filharmonicy-nominowani-do-nagrody-fryderyka\\\/#primaryimage\"},\"image\":{\"@id\":\"https:\\\/\\\/filharmoniapoznanska.pl\\\/en\\\/poznanscy-filharmonicy-nominowani-do-nagrody-fryderyka\\\/#primaryimage\"},\"thumbnailUrl\":\"https:\\\/\\\/filharmoniapoznanska.pl\\\/wp-content\\\/uploads\\\/2018\\\/12\\\/Baner-www-FP-Fryderyk-2.jpg\",\"datePublished\":\"2022-03-24T15:27:53+00:00\",\"dateModified\":\"2022-03-25T11:20:11+00:00\",\"author\":{\"@id\":\"https:\\\/\\\/filharmoniapoznanska.pl\\\/#\\\/schema\\\/person\\\/97ad778439761f146e08647d0bdacfd4\"},\"breadcrumb\":{\"@id\":\"https:\\\/\\\/filharmoniapoznanska.pl\\\/en\\\/poznanscy-filharmonicy-nominowani-do-nagrody-fryderyka\\\/#breadcrumb\"},\"inLanguage\":\"en-US\",\"potentialAction\":[{\"@type\":\"ReadAction\",\"target\":[\"https:\\\/\\\/filharmoniapoznanska.pl\\\/en\\\/poznanscy-filharmonicy-nominowani-do-nagrody-fryderyka\\\/\"]}]},{\"@type\":\"ImageObject\",\"inLanguage\":\"en-US\",\"@id\":\"https:\\\/\\\/filharmoniapoznanska.pl\\\/en\\\/poznanscy-filharmonicy-nominowani-do-nagrody-fryderyka\\\/#primaryimage\",\"url\":\"https:\\\/\\\/filharmoniapoznanska.pl\\\/wp-content\\\/uploads\\\/2018\\\/12\\\/Baner-www-FP-Fryderyk-2.jpg\",\"contentUrl\":\"https:\\\/\\\/filharmoniapoznanska.pl\\\/wp-content\\\/uploads\\\/2018\\\/12\\\/Baner-www-FP-Fryderyk-2.jpg\"},{\"@type\":\"BreadcrumbList\",\"@id\":\"https:\\\/\\\/filharmoniapoznanska.pl\\\/en\\\/poznanscy-filharmonicy-nominowani-do-nagrody-fryderyka\\\/#breadcrumb\",\"itemListElement\":[{\"@type\":\"ListItem\",\"position\":1,\"name\":\"Strona g\u0142\u00f3wna\",\"item\":\"https:\\\/\\\/filharmoniapoznanska.pl\\\/en\\\/\"},{\"@type\":\"ListItem\",\"position\":2,\"name\":\"POZNAN PHILHARMONIC ORCHESTRA NOMINATED FOR FRYDERYK AWARD\"}]},{\"@type\":\"WebSite\",\"@id\":\"https:\\\/\\\/filharmoniapoznanska.pl\\\/#website\",\"url\":\"https:\\\/\\\/filharmoniapoznanska.pl\\\/\",\"name\":\"Filharmonia Pozna\u0144ska\",\"description\":\"\",\"potentialAction\":[{\"@type\":\"SearchAction\",\"target\":{\"@type\":\"EntryPoint\",\"urlTemplate\":\"https:\\\/\\\/filharmoniapoznanska.pl\\\/?s={search_term_string}\"},\"query-input\":{\"@type\":\"PropertyValueSpecification\",\"valueRequired\":true,\"valueName\":\"search_term_string\"}}],\"inLanguage\":\"en-US\"},{\"@type\":\"Person\",\"@id\":\"https:\\\/\\\/filharmoniapoznanska.pl\\\/#\\\/schema\\\/person\\\/97ad778439761f146e08647d0bdacfd4\",\"name\":\"Katarzyna\",\"image\":{\"@type\":\"ImageObject\",\"inLanguage\":\"en-US\",\"@id\":\"https:\\\/\\\/secure.gravatar.com\\\/avatar\\\/c42160e78464a3c13d81387337e05f8c7d0f9e4186169a7263f2e9ac90960271?s=96&d=mm&r=g\",\"url\":\"https:\\\/\\\/secure.gravatar.com\\\/avatar\\\/c42160e78464a3c13d81387337e05f8c7d0f9e4186169a7263f2e9ac90960271?s=96&d=mm&r=g\",\"contentUrl\":\"https:\\\/\\\/secure.gravatar.com\\\/avatar\\\/c42160e78464a3c13d81387337e05f8c7d0f9e4186169a7263f2e9ac90960271?s=96&d=mm&r=g\",\"caption\":\"Katarzyna\"}}]}<\/script>\n<!-- \/ Yoast SEO plugin. -->","yoast_head_json":{"title":"Filharmonia Pozna\u0144ska POZNAN PHILHARMONIC ORCHESTRA NOMINATED FOR FRYDERYK AWARD","robots":{"index":"index","follow":"follow","max-snippet":"max-snippet:-1","max-image-preview":"max-image-preview:large","max-video-preview":"max-video-preview:-1"},"canonical":"https:\/\/filharmoniapoznanska.pl\/en\/poznanscy-filharmonicy-nominowani-do-nagrody-fryderyka\/","og_locale":"en_US","og_type":"article","og_title":"Filharmonia Pozna\u0144ska POZNAN PHILHARMONIC ORCHESTRA NOMINATED FOR FRYDERYK AWARD","og_description":"Traditionally another album of Poznan Philharmonic Orchestra was nominated for the Fryderyk award. This time it\u2019s Faniska by Luigi Cherubini, nominated for the Fryderyk 2022 award in the category Album of the Year \u2013 Oratorio and Opera Music. Poznan Philharmonic Orchestra recorded it along with Natalia Rubi\u015b (soprano), Krystian Adam Krzeszowiak (tenor), Katarzyna Belkius (soprano), [&hellip;]","og_url":"https:\/\/filharmoniapoznanska.pl\/en\/poznanscy-filharmonicy-nominowani-do-nagrody-fryderyka\/","og_site_name":"Filharmonia Pozna\u0144ska","article_published_time":"2022-03-24T15:27:53+00:00","article_modified_time":"2022-03-25T11:20:11+00:00","og_image":[{"url":"https:\/\/filharmoniapoznanska.pl\/wp-content\/uploads\/2018\/12\/Baner-www-FP-Fryderyk-2.jpg","type":"","width":"","height":""}],"author":"Katarzyna","twitter_card":"summary_large_image","twitter_misc":{"Written by":"Katarzyna","Est. reading time":"2 minutes"},"schema":{"@context":"https:\/\/schema.org","@graph":[{"@type":"Article","@id":"https:\/\/filharmoniapoznanska.pl\/en\/poznanscy-filharmonicy-nominowani-do-nagrody-fryderyka\/#article","isPartOf":{"@id":"https:\/\/filharmoniapoznanska.pl\/en\/poznanscy-filharmonicy-nominowani-do-nagrody-fryderyka\/"},"author":{"name":"Katarzyna","@id":"https:\/\/filharmoniapoznanska.pl\/#\/schema\/person\/97ad778439761f146e08647d0bdacfd4"},"headline":"POZNAN PHILHARMONIC ORCHESTRA NOMINATED FOR FRYDERYK AWARD","datePublished":"2022-03-24T15:27:53+00:00","dateModified":"2022-03-25T11:20:11+00:00","mainEntityOfPage":{"@id":"https:\/\/filharmoniapoznanska.pl\/en\/poznanscy-filharmonicy-nominowani-do-nagrody-fryderyka\/"},"wordCount":269,"image":{"@id":"https:\/\/filharmoniapoznanska.pl\/en\/poznanscy-filharmonicy-nominowani-do-nagrody-fryderyka\/#primaryimage"},"thumbnailUrl":"https:\/\/filharmoniapoznanska.pl\/wp-content\/uploads\/2018\/12\/Baner-www-FP-Fryderyk-2.jpg","articleSection":["Bez kategorii"],"inLanguage":"en-US"},{"@type":"WebPage","@id":"https:\/\/filharmoniapoznanska.pl\/en\/poznanscy-filharmonicy-nominowani-do-nagrody-fryderyka\/","url":"https:\/\/filharmoniapoznanska.pl\/en\/poznanscy-filharmonicy-nominowani-do-nagrody-fryderyka\/","name":"Filharmonia Pozna\u0144ska POZNAN PHILHARMONIC ORCHESTRA NOMINATED FOR FRYDERYK AWARD","isPartOf":{"@id":"https:\/\/filharmoniapoznanska.pl\/#website"},"primaryImageOfPage":{"@id":"https:\/\/filharmoniapoznanska.pl\/en\/poznanscy-filharmonicy-nominowani-do-nagrody-fryderyka\/#primaryimage"},"image":{"@id":"https:\/\/filharmoniapoznanska.pl\/en\/poznanscy-filharmonicy-nominowani-do-nagrody-fryderyka\/#primaryimage"},"thumbnailUrl":"https:\/\/filharmoniapoznanska.pl\/wp-content\/uploads\/2018\/12\/Baner-www-FP-Fryderyk-2.jpg","datePublished":"2022-03-24T15:27:53+00:00","dateModified":"2022-03-25T11:20:11+00:00","author":{"@id":"https:\/\/filharmoniapoznanska.pl\/#\/schema\/person\/97ad778439761f146e08647d0bdacfd4"},"breadcrumb":{"@id":"https:\/\/filharmoniapoznanska.pl\/en\/poznanscy-filharmonicy-nominowani-do-nagrody-fryderyka\/#breadcrumb"},"inLanguage":"en-US","potentialAction":[{"@type":"ReadAction","target":["https:\/\/filharmoniapoznanska.pl\/en\/poznanscy-filharmonicy-nominowani-do-nagrody-fryderyka\/"]}]},{"@type":"ImageObject","inLanguage":"en-US","@id":"https:\/\/filharmoniapoznanska.pl\/en\/poznanscy-filharmonicy-nominowani-do-nagrody-fryderyka\/#primaryimage","url":"https:\/\/filharmoniapoznanska.pl\/wp-content\/uploads\/2018\/12\/Baner-www-FP-Fryderyk-2.jpg","contentUrl":"https:\/\/filharmoniapoznanska.pl\/wp-content\/uploads\/2018\/12\/Baner-www-FP-Fryderyk-2.jpg"},{"@type":"BreadcrumbList","@id":"https:\/\/filharmoniapoznanska.pl\/en\/poznanscy-filharmonicy-nominowani-do-nagrody-fryderyka\/#breadcrumb","itemListElement":[{"@type":"ListItem","position":1,"name":"Strona g\u0142\u00f3wna","item":"https:\/\/filharmoniapoznanska.pl\/en\/"},{"@type":"ListItem","position":2,"name":"POZNAN PHILHARMONIC ORCHESTRA NOMINATED FOR FRYDERYK AWARD"}]},{"@type":"WebSite","@id":"https:\/\/filharmoniapoznanska.pl\/#website","url":"https:\/\/filharmoniapoznanska.pl\/","name":"Filharmonia Pozna\u0144ska","description":"","potentialAction":[{"@type":"SearchAction","target":{"@type":"EntryPoint","urlTemplate":"https:\/\/filharmoniapoznanska.pl\/?s={search_term_string}"},"query-input":{"@type":"PropertyValueSpecification","valueRequired":true,"valueName":"search_term_string"}}],"inLanguage":"en-US"},{"@type":"Person","@id":"https:\/\/filharmoniapoznanska.pl\/#\/schema\/person\/97ad778439761f146e08647d0bdacfd4","name":"Katarzyna","image":{"@type":"ImageObject","inLanguage":"en-US","@id":"https:\/\/secure.gravatar.com\/avatar\/c42160e78464a3c13d81387337e05f8c7d0f9e4186169a7263f2e9ac90960271?s=96&d=mm&r=g","url":"https:\/\/secure.gravatar.com\/avatar\/c42160e78464a3c13d81387337e05f8c7d0f9e4186169a7263f2e9ac90960271?s=96&d=mm&r=g","contentUrl":"https:\/\/secure.gravatar.com\/avatar\/c42160e78464a3c13d81387337e05f8c7d0f9e4186169a7263f2e9ac90960271?s=96&d=mm&r=g","caption":"Katarzyna"}}]}},"_links":{"self":[{"href":"https:\/\/filharmoniapoznanska.pl\/en\/wp-json\/wp\/v2\/posts\/23094","targetHints":{"allow":["GET"]}}],"collection":[{"href":"https:\/\/filharmoniapoznanska.pl\/en\/wp-json\/wp\/v2\/posts"}],"about":[{"href":"https:\/\/filharmoniapoznanska.pl\/en\/wp-json\/wp\/v2\/types\/post"}],"author":[{"embeddable":true,"href":"https:\/\/filharmoniapoznanska.pl\/en\/wp-json\/wp\/v2\/users\/3"}],"replies":[{"embeddable":true,"href":"https:\/\/filharmoniapoznanska.pl\/en\/wp-json\/wp\/v2\/comments?post=23094"}],"version-history":[{"count":6,"href":"https:\/\/filharmoniapoznanska.pl\/en\/wp-json\/wp\/v2\/posts\/23094\/revisions"}],"predecessor-version":[{"id":23102,"href":"https:\/\/filharmoniapoznanska.pl\/en\/wp-json\/wp\/v2\/posts\/23094\/revisions\/23102"}],"wp:attachment":[{"href":"https:\/\/filharmoniapoznanska.pl\/en\/wp-json\/wp\/v2\/media?parent=23094"}],"wp:term":[{"taxonomy":"category","embeddable":true,"href":"https:\/\/filharmoniapoznanska.pl\/en\/wp-json\/wp\/v2\/categories?post=23094"},{"taxonomy":"post_tag","embeddable":true,"href":"https:\/\/filharmoniapoznanska.pl\/en\/wp-json\/wp\/v2\/tags?post=23094"}],"curies":[{"name":"wp","href":"https:\/\/api.w.org\/{rel}","templated":true}]}}