{"id":19698,"date":"2021-07-02T13:48:48","date_gmt":"2021-07-02T11:48:48","guid":{"rendered":"https:\/\/filharmoniapoznanska.pl\/lukasz-borowicz-nowym-dyrektorem-muzycznym-filharmonii-poznanskiej\/"},"modified":"2021-07-03T17:42:28","modified_gmt":"2021-07-03T15:42:28","slug":"lukasz-borowicz-nowym-dyrektorem-muzycznym-filharmonii-poznanskiej","status":"publish","type":"post","link":"https:\/\/filharmoniapoznanska.pl\/en\/lukasz-borowicz-nowym-dyrektorem-muzycznym-filharmonii-poznanskiej\/","title":{"rendered":"\u0141UKASZ BOROWICZ THE NEW MUSIC DIRECTOR OF POZNAN PHILHARMONIC"},"content":{"rendered":"<p><img loading=\"lazy\" decoding=\"async\" class=\"wp-image-19710 aligncenter\" src=\"https:\/\/filharmoniapoznanska.pl\/wp-content\/uploads\/2021\/07\/209488188_1408490179531812_3302172550542999253_n-2.png\" alt=\"\" width=\"792\" height=\"292\" srcset=\"https:\/\/filharmoniapoznanska.pl\/wp-content\/uploads\/2021\/07\/209488188_1408490179531812_3302172550542999253_n-2.png 940w, https:\/\/filharmoniapoznanska.pl\/wp-content\/uploads\/2021\/07\/209488188_1408490179531812_3302172550542999253_n-2-300x111.png 300w, https:\/\/filharmoniapoznanska.pl\/wp-content\/uploads\/2021\/07\/209488188_1408490179531812_3302172550542999253_n-2-768x284.png 768w, https:\/\/filharmoniapoznanska.pl\/wp-content\/uploads\/2021\/07\/209488188_1408490179531812_3302172550542999253_n-2-660x244.png 660w, https:\/\/filharmoniapoznanska.pl\/wp-content\/uploads\/2021\/07\/209488188_1408490179531812_3302172550542999253_n-2-740x273.png 740w\" sizes=\"auto, (max-width: 792px) 100vw, 792px\" \/><\/p>\n<p>Marek Wo\u017aniak, the Marshal of the Wielkopolska Region, presented the new chief musical director on the Friday press conference.<\/p>\n<p>&#8211; \u2018We have got together to officially announce magnificent news concerning the new season of the Poznan Philharmonic. Along with its beginning the position of the music director \u2013 chief conductor of the Poznan Philharmonic Orchestra will be taken up by \u0141ukasz Borowicz, who has been cooperating with our Philharmonic for many years through great concerts and recordings\u2019, said Marek Wo\u017aniak. \u2018We are extremely happy that among many other interesting proposals \u0141ukasz Borowicz has chosen Poznan. For us it means high quality of the artistic offer.\u2019<\/p>\n<p>&#8211; \u2018When years ago I talked with Kazimierz Kord, one of the greatest Polish conductors, he told me that you could count on one hand the number of conductors who have \u201csound in their hands\u201d. \u0141ukasz Borowicz was one of them\u2019, recalled Wojciech Nentwig, the Director of the Poznan Philharmonic. \u2018I took his advice and we outreached \u0141ukasz Borowicz\u2019.<\/p>\n<p>Wojciech Nentwig also presented the outline of the new 75th artistic season of the Poznan Philharmonic. A galaxy of prominent soloists and conductors will appear not only on the stage of the AMU Concert Hall, the auditorium of Poznan Philharmonic, but also out of Poznan, along with the Poznan Philharmonic Orchestra. On the 11th of September, the 20th anniversary of the attack on the World Trace Center, for instance, in the Church of Peace in \u015awidnica Rafa\u0142 Blechacz will perform, accompanied by Poznan Philharmonic Orchestra \u2013 it is his only concert with an orchestra scheduled in Poland this year.<\/p>\n<p>During the conference \u0141ukasz Borowicz shared his vision of conducting and working with an orchestra. He also highlighted the role of Poznan as a philharmonic center on the musical map of Poland and Europe.<\/p>\n<p>&#8211; \u2018Poznan Philharmonic is a globally recognized brand. We know from artists and their agents that those who come here, wish to return \u2013 because of the orchestra, the audience, the atmosphere accompanying their performances\u2019, said \u0141ukasz Borowicz. \u2018The tough pandemic times we have survived strengthened us by dealing with numerous artistic challenges and overcoming barriers we had no idea of. For me the most important thing is that in the Poznan Philharmonic I can make my dreams come true: I have been doing it, along with the orchestra, uninterruptedly since 2006, since the memorable concert with Ida Haendel.\u2019<\/p>\n\n\t\t<style type=\"text\/css\">\n\t\t\t#gallery-1 {\n\t\t\t\tmargin: auto;\n\t\t\t}\n\t\t\t#gallery-1 .gallery-item {\n\t\t\t\tfloat: left;\n\t\t\t\tmargin-top: 10px;\n\t\t\t\ttext-align: center;\n\t\t\t\twidth: 33%;\n\t\t\t}\n\t\t\t#gallery-1 img {\n\t\t\t\tborder: 2px solid #cfcfcf;\n\t\t\t}\n\t\t\t#gallery-1 .gallery-caption {\n\t\t\t\tmargin-left: 0;\n\t\t\t}\n\t\t\t\/* see gallery_shortcode() in wp-includes\/media.php *\/\n\t\t<\/style>\n\t\t<div id='gallery-1' class='gallery galleryid-19698 gallery-columns-3 gallery-size-thumbnail'><dl class='gallery-item'>\n\t\t\t<dt class='gallery-icon landscape'>\n\t\t\t\t<a data-caption=\"\" data-fancybox=\"gallery\" href='https:\/\/filharmoniapoznanska.pl\/en\/lukasz-borowicz-nowym-dyrektorem-muzycznym-filharmonii-poznanskiej\/p1110212-2\/'><img loading=\"lazy\" decoding=\"async\" width=\"150\" height=\"150\" src=\"https:\/\/filharmoniapoznanska.pl\/wp-content\/uploads\/2021\/07\/P1110212-150x150.jpg\" class=\"attachment-thumbnail size-thumbnail\" alt=\"\" srcset=\"https:\/\/filharmoniapoznanska.pl\/wp-content\/uploads\/2021\/07\/P1110212-150x150.jpg 150w, https:\/\/filharmoniapoznanska.pl\/wp-content\/uploads\/2021\/07\/P1110212-102x102.jpg 102w, https:\/\/filharmoniapoznanska.pl\/wp-content\/uploads\/2021\/07\/P1110212-200x200.jpg 200w\" sizes=\"auto, (max-width: 150px) 100vw, 150px\" \/><\/a>\n\t\t\t<\/dt><\/dl><dl class='gallery-item'>\n\t\t\t<dt class='gallery-icon landscape'>\n\t\t\t\t<a data-caption=\"\" data-fancybox=\"gallery\" href='https:\/\/filharmoniapoznanska.pl\/en\/lukasz-borowicz-nowym-dyrektorem-muzycznym-filharmonii-poznanskiej\/p1110299-2\/'><img loading=\"lazy\" decoding=\"async\" width=\"150\" height=\"150\" src=\"https:\/\/filharmoniapoznanska.pl\/wp-content\/uploads\/2021\/07\/P1110299-150x150.jpg\" class=\"attachment-thumbnail size-thumbnail\" alt=\"\" srcset=\"https:\/\/filharmoniapoznanska.pl\/wp-content\/uploads\/2021\/07\/P1110299-150x150.jpg 150w, https:\/\/filharmoniapoznanska.pl\/wp-content\/uploads\/2021\/07\/P1110299-102x102.jpg 102w, https:\/\/filharmoniapoznanska.pl\/wp-content\/uploads\/2021\/07\/P1110299-200x200.jpg 200w\" sizes=\"auto, (max-width: 150px) 100vw, 150px\" \/><\/a>\n\t\t\t<\/dt><\/dl><dl class='gallery-item'>\n\t\t\t<dt class='gallery-icon landscape'>\n\t\t\t\t<a data-caption=\"\" data-fancybox=\"gallery\" href='https:\/\/filharmoniapoznanska.pl\/en\/lukasz-borowicz-nowym-dyrektorem-muzycznym-filharmonii-poznanskiej\/p1110308-2\/'><img loading=\"lazy\" decoding=\"async\" width=\"150\" height=\"150\" src=\"https:\/\/filharmoniapoznanska.pl\/wp-content\/uploads\/2021\/07\/P1110308-150x150.jpg\" class=\"attachment-thumbnail size-thumbnail\" alt=\"\" srcset=\"https:\/\/filharmoniapoznanska.pl\/wp-content\/uploads\/2021\/07\/P1110308-150x150.jpg 150w, https:\/\/filharmoniapoznanska.pl\/wp-content\/uploads\/2021\/07\/P1110308-102x102.jpg 102w, https:\/\/filharmoniapoznanska.pl\/wp-content\/uploads\/2021\/07\/P1110308-200x200.jpg 200w\" sizes=\"auto, (max-width: 150px) 100vw, 150px\" \/><\/a>\n\t\t\t<\/dt><\/dl><br style=\"clear: both\" \/>\n\t\t<\/div>\n\n","protected":false},"excerpt":{"rendered":"<p>Marek Wo\u017aniak, the Marshal of the Wielkopolska Region, presented the new chief musical director on the Friday press conference. &#8211; \u2018We have got together to officially announce magnificent news concerning the new season of the Poznan Philharmonic. Along with its beginning the position of the music director \u2013 chief conductor of the Poznan Philharmonic Orchestra [&hellip;]<\/p>\n","protected":false},"author":3,"featured_media":0,"comment_status":"closed","ping_status":"closed","sticky":false,"template":"","format":"standard","meta":{"_acf_changed":false,"footnotes":""},"categories":[27],"tags":[],"class_list":["post-19698","post","type-post","status-publish","format-standard","hentry","category-bez-kategorii-en"],"acf":[],"yoast_head":"<!-- This site is optimized with the Yoast SEO plugin v27.3 - https:\/\/yoast.com\/product\/yoast-seo-wordpress\/ -->\n<title>Filharmonia Pozna\u0144ska \u0141UKASZ BOROWICZ THE NEW MUSIC DIRECTOR OF POZNAN PHILHARMONIC<\/title>\n<meta name=\"robots\" content=\"index, follow, max-snippet:-1, max-image-preview:large, max-video-preview:-1\" \/>\n<link rel=\"canonical\" href=\"https:\/\/filharmoniapoznanska.pl\/en\/lukasz-borowicz-nowym-dyrektorem-muzycznym-filharmonii-poznanskiej\/\" \/>\n<meta property=\"og:locale\" content=\"en_US\" \/>\n<meta property=\"og:type\" content=\"article\" \/>\n<meta property=\"og:title\" content=\"Filharmonia Pozna\u0144ska \u0141UKASZ BOROWICZ THE NEW MUSIC DIRECTOR OF POZNAN PHILHARMONIC\" \/>\n<meta property=\"og:description\" content=\"Marek Wo\u017aniak, the Marshal of the Wielkopolska Region, presented the new chief musical director on the Friday press conference. &#8211; \u2018We have got together to officially announce magnificent news concerning the new season of the Poznan Philharmonic. Along with its beginning the position of the music director \u2013 chief conductor of the Poznan Philharmonic Orchestra [&hellip;]\" \/>\n<meta property=\"og:url\" content=\"https:\/\/filharmoniapoznanska.pl\/en\/lukasz-borowicz-nowym-dyrektorem-muzycznym-filharmonii-poznanskiej\/\" \/>\n<meta property=\"og:site_name\" content=\"Filharmonia Pozna\u0144ska\" \/>\n<meta property=\"article:published_time\" content=\"2021-07-02T11:48:48+00:00\" \/>\n<meta property=\"article:modified_time\" content=\"2021-07-03T15:42:28+00:00\" \/>\n<meta property=\"og:image\" content=\"https:\/\/filharmoniapoznanska.pl\/wp-content\/uploads\/2021\/07\/P1110212-150x150.jpg\" \/>\n<meta name=\"author\" content=\"Katarzyna\" \/>\n<meta name=\"twitter:card\" content=\"summary_large_image\" \/>\n<meta name=\"twitter:label1\" content=\"Written by\" \/>\n\t<meta name=\"twitter:data1\" content=\"Katarzyna\" \/>\n\t<meta name=\"twitter:label2\" content=\"Est. reading time\" \/>\n\t<meta name=\"twitter:data2\" content=\"2 minutes\" \/>\n<script type=\"application\/ld+json\" class=\"yoast-schema-graph\">{\"@context\":\"https:\\\/\\\/schema.org\",\"@graph\":[{\"@type\":\"Article\",\"@id\":\"https:\\\/\\\/filharmoniapoznanska.pl\\\/en\\\/lukasz-borowicz-nowym-dyrektorem-muzycznym-filharmonii-poznanskiej\\\/#article\",\"isPartOf\":{\"@id\":\"https:\\\/\\\/filharmoniapoznanska.pl\\\/en\\\/lukasz-borowicz-nowym-dyrektorem-muzycznym-filharmonii-poznanskiej\\\/\"},\"author\":{\"name\":\"Katarzyna\",\"@id\":\"https:\\\/\\\/filharmoniapoznanska.pl\\\/#\\\/schema\\\/person\\\/97ad778439761f146e08647d0bdacfd4\"},\"headline\":\"\u0141UKASZ BOROWICZ THE NEW MUSIC DIRECTOR OF POZNAN PHILHARMONIC\",\"datePublished\":\"2021-07-02T11:48:48+00:00\",\"dateModified\":\"2021-07-03T15:42:28+00:00\",\"mainEntityOfPage\":{\"@id\":\"https:\\\/\\\/filharmoniapoznanska.pl\\\/en\\\/lukasz-borowicz-nowym-dyrektorem-muzycznym-filharmonii-poznanskiej\\\/\"},\"wordCount\":405,\"image\":{\"@id\":\"https:\\\/\\\/filharmoniapoznanska.pl\\\/en\\\/lukasz-borowicz-nowym-dyrektorem-muzycznym-filharmonii-poznanskiej\\\/#primaryimage\"},\"thumbnailUrl\":\"https:\\\/\\\/filharmoniapoznanska.pl\\\/wp-content\\\/uploads\\\/2021\\\/07\\\/209488188_1408490179531812_3302172550542999253_n-2.png\",\"articleSection\":[\"Bez kategorii\"],\"inLanguage\":\"en-US\"},{\"@type\":\"WebPage\",\"@id\":\"https:\\\/\\\/filharmoniapoznanska.pl\\\/en\\\/lukasz-borowicz-nowym-dyrektorem-muzycznym-filharmonii-poznanskiej\\\/\",\"url\":\"https:\\\/\\\/filharmoniapoznanska.pl\\\/en\\\/lukasz-borowicz-nowym-dyrektorem-muzycznym-filharmonii-poznanskiej\\\/\",\"name\":\"Filharmonia Pozna\u0144ska \u0141UKASZ BOROWICZ THE NEW MUSIC DIRECTOR OF POZNAN PHILHARMONIC\",\"isPartOf\":{\"@id\":\"https:\\\/\\\/filharmoniapoznanska.pl\\\/#website\"},\"primaryImageOfPage\":{\"@id\":\"https:\\\/\\\/filharmoniapoznanska.pl\\\/en\\\/lukasz-borowicz-nowym-dyrektorem-muzycznym-filharmonii-poznanskiej\\\/#primaryimage\"},\"image\":{\"@id\":\"https:\\\/\\\/filharmoniapoznanska.pl\\\/en\\\/lukasz-borowicz-nowym-dyrektorem-muzycznym-filharmonii-poznanskiej\\\/#primaryimage\"},\"thumbnailUrl\":\"https:\\\/\\\/filharmoniapoznanska.pl\\\/wp-content\\\/uploads\\\/2021\\\/07\\\/209488188_1408490179531812_3302172550542999253_n-2.png\",\"datePublished\":\"2021-07-02T11:48:48+00:00\",\"dateModified\":\"2021-07-03T15:42:28+00:00\",\"author\":{\"@id\":\"https:\\\/\\\/filharmoniapoznanska.pl\\\/#\\\/schema\\\/person\\\/97ad778439761f146e08647d0bdacfd4\"},\"breadcrumb\":{\"@id\":\"https:\\\/\\\/filharmoniapoznanska.pl\\\/en\\\/lukasz-borowicz-nowym-dyrektorem-muzycznym-filharmonii-poznanskiej\\\/#breadcrumb\"},\"inLanguage\":\"en-US\",\"potentialAction\":[{\"@type\":\"ReadAction\",\"target\":[\"https:\\\/\\\/filharmoniapoznanska.pl\\\/en\\\/lukasz-borowicz-nowym-dyrektorem-muzycznym-filharmonii-poznanskiej\\\/\"]}]},{\"@type\":\"ImageObject\",\"inLanguage\":\"en-US\",\"@id\":\"https:\\\/\\\/filharmoniapoznanska.pl\\\/en\\\/lukasz-borowicz-nowym-dyrektorem-muzycznym-filharmonii-poznanskiej\\\/#primaryimage\",\"url\":\"https:\\\/\\\/filharmoniapoznanska.pl\\\/wp-content\\\/uploads\\\/2021\\\/07\\\/209488188_1408490179531812_3302172550542999253_n-2.png\",\"contentUrl\":\"https:\\\/\\\/filharmoniapoznanska.pl\\\/wp-content\\\/uploads\\\/2021\\\/07\\\/209488188_1408490179531812_3302172550542999253_n-2.png\"},{\"@type\":\"BreadcrumbList\",\"@id\":\"https:\\\/\\\/filharmoniapoznanska.pl\\\/en\\\/lukasz-borowicz-nowym-dyrektorem-muzycznym-filharmonii-poznanskiej\\\/#breadcrumb\",\"itemListElement\":[{\"@type\":\"ListItem\",\"position\":1,\"name\":\"Strona g\u0142\u00f3wna\",\"item\":\"https:\\\/\\\/filharmoniapoznanska.pl\\\/en\\\/\"},{\"@type\":\"ListItem\",\"position\":2,\"name\":\"\u0141UKASZ BOROWICZ THE NEW MUSIC DIRECTOR OF POZNAN PHILHARMONIC\"}]},{\"@type\":\"WebSite\",\"@id\":\"https:\\\/\\\/filharmoniapoznanska.pl\\\/#website\",\"url\":\"https:\\\/\\\/filharmoniapoznanska.pl\\\/\",\"name\":\"Filharmonia Pozna\u0144ska\",\"description\":\"\",\"potentialAction\":[{\"@type\":\"SearchAction\",\"target\":{\"@type\":\"EntryPoint\",\"urlTemplate\":\"https:\\\/\\\/filharmoniapoznanska.pl\\\/?s={search_term_string}\"},\"query-input\":{\"@type\":\"PropertyValueSpecification\",\"valueRequired\":true,\"valueName\":\"search_term_string\"}}],\"inLanguage\":\"en-US\"},{\"@type\":\"Person\",\"@id\":\"https:\\\/\\\/filharmoniapoznanska.pl\\\/#\\\/schema\\\/person\\\/97ad778439761f146e08647d0bdacfd4\",\"name\":\"Katarzyna\",\"image\":{\"@type\":\"ImageObject\",\"inLanguage\":\"en-US\",\"@id\":\"https:\\\/\\\/secure.gravatar.com\\\/avatar\\\/c42160e78464a3c13d81387337e05f8c7d0f9e4186169a7263f2e9ac90960271?s=96&d=mm&r=g\",\"url\":\"https:\\\/\\\/secure.gravatar.com\\\/avatar\\\/c42160e78464a3c13d81387337e05f8c7d0f9e4186169a7263f2e9ac90960271?s=96&d=mm&r=g\",\"contentUrl\":\"https:\\\/\\\/secure.gravatar.com\\\/avatar\\\/c42160e78464a3c13d81387337e05f8c7d0f9e4186169a7263f2e9ac90960271?s=96&d=mm&r=g\",\"caption\":\"Katarzyna\"}}]}<\/script>\n<!-- \/ Yoast SEO plugin. -->","yoast_head_json":{"title":"Filharmonia Pozna\u0144ska \u0141UKASZ BOROWICZ THE NEW MUSIC DIRECTOR OF POZNAN PHILHARMONIC","robots":{"index":"index","follow":"follow","max-snippet":"max-snippet:-1","max-image-preview":"max-image-preview:large","max-video-preview":"max-video-preview:-1"},"canonical":"https:\/\/filharmoniapoznanska.pl\/en\/lukasz-borowicz-nowym-dyrektorem-muzycznym-filharmonii-poznanskiej\/","og_locale":"en_US","og_type":"article","og_title":"Filharmonia Pozna\u0144ska \u0141UKASZ BOROWICZ THE NEW MUSIC DIRECTOR OF POZNAN PHILHARMONIC","og_description":"Marek Wo\u017aniak, the Marshal of the Wielkopolska Region, presented the new chief musical director on the Friday press conference. &#8211; \u2018We have got together to officially announce magnificent news concerning the new season of the Poznan Philharmonic. Along with its beginning the position of the music director \u2013 chief conductor of the Poznan Philharmonic Orchestra [&hellip;]","og_url":"https:\/\/filharmoniapoznanska.pl\/en\/lukasz-borowicz-nowym-dyrektorem-muzycznym-filharmonii-poznanskiej\/","og_site_name":"Filharmonia Pozna\u0144ska","article_published_time":"2021-07-02T11:48:48+00:00","article_modified_time":"2021-07-03T15:42:28+00:00","og_image":[{"url":"https:\/\/filharmoniapoznanska.pl\/wp-content\/uploads\/2021\/07\/P1110212-150x150.jpg","type":"","width":"","height":""}],"author":"Katarzyna","twitter_card":"summary_large_image","twitter_misc":{"Written by":"Katarzyna","Est. reading time":"2 minutes"},"schema":{"@context":"https:\/\/schema.org","@graph":[{"@type":"Article","@id":"https:\/\/filharmoniapoznanska.pl\/en\/lukasz-borowicz-nowym-dyrektorem-muzycznym-filharmonii-poznanskiej\/#article","isPartOf":{"@id":"https:\/\/filharmoniapoznanska.pl\/en\/lukasz-borowicz-nowym-dyrektorem-muzycznym-filharmonii-poznanskiej\/"},"author":{"name":"Katarzyna","@id":"https:\/\/filharmoniapoznanska.pl\/#\/schema\/person\/97ad778439761f146e08647d0bdacfd4"},"headline":"\u0141UKASZ BOROWICZ THE NEW MUSIC DIRECTOR OF POZNAN PHILHARMONIC","datePublished":"2021-07-02T11:48:48+00:00","dateModified":"2021-07-03T15:42:28+00:00","mainEntityOfPage":{"@id":"https:\/\/filharmoniapoznanska.pl\/en\/lukasz-borowicz-nowym-dyrektorem-muzycznym-filharmonii-poznanskiej\/"},"wordCount":405,"image":{"@id":"https:\/\/filharmoniapoznanska.pl\/en\/lukasz-borowicz-nowym-dyrektorem-muzycznym-filharmonii-poznanskiej\/#primaryimage"},"thumbnailUrl":"https:\/\/filharmoniapoznanska.pl\/wp-content\/uploads\/2021\/07\/209488188_1408490179531812_3302172550542999253_n-2.png","articleSection":["Bez kategorii"],"inLanguage":"en-US"},{"@type":"WebPage","@id":"https:\/\/filharmoniapoznanska.pl\/en\/lukasz-borowicz-nowym-dyrektorem-muzycznym-filharmonii-poznanskiej\/","url":"https:\/\/filharmoniapoznanska.pl\/en\/lukasz-borowicz-nowym-dyrektorem-muzycznym-filharmonii-poznanskiej\/","name":"Filharmonia Pozna\u0144ska \u0141UKASZ BOROWICZ THE NEW MUSIC DIRECTOR OF POZNAN PHILHARMONIC","isPartOf":{"@id":"https:\/\/filharmoniapoznanska.pl\/#website"},"primaryImageOfPage":{"@id":"https:\/\/filharmoniapoznanska.pl\/en\/lukasz-borowicz-nowym-dyrektorem-muzycznym-filharmonii-poznanskiej\/#primaryimage"},"image":{"@id":"https:\/\/filharmoniapoznanska.pl\/en\/lukasz-borowicz-nowym-dyrektorem-muzycznym-filharmonii-poznanskiej\/#primaryimage"},"thumbnailUrl":"https:\/\/filharmoniapoznanska.pl\/wp-content\/uploads\/2021\/07\/209488188_1408490179531812_3302172550542999253_n-2.png","datePublished":"2021-07-02T11:48:48+00:00","dateModified":"2021-07-03T15:42:28+00:00","author":{"@id":"https:\/\/filharmoniapoznanska.pl\/#\/schema\/person\/97ad778439761f146e08647d0bdacfd4"},"breadcrumb":{"@id":"https:\/\/filharmoniapoznanska.pl\/en\/lukasz-borowicz-nowym-dyrektorem-muzycznym-filharmonii-poznanskiej\/#breadcrumb"},"inLanguage":"en-US","potentialAction":[{"@type":"ReadAction","target":["https:\/\/filharmoniapoznanska.pl\/en\/lukasz-borowicz-nowym-dyrektorem-muzycznym-filharmonii-poznanskiej\/"]}]},{"@type":"ImageObject","inLanguage":"en-US","@id":"https:\/\/filharmoniapoznanska.pl\/en\/lukasz-borowicz-nowym-dyrektorem-muzycznym-filharmonii-poznanskiej\/#primaryimage","url":"https:\/\/filharmoniapoznanska.pl\/wp-content\/uploads\/2021\/07\/209488188_1408490179531812_3302172550542999253_n-2.png","contentUrl":"https:\/\/filharmoniapoznanska.pl\/wp-content\/uploads\/2021\/07\/209488188_1408490179531812_3302172550542999253_n-2.png"},{"@type":"BreadcrumbList","@id":"https:\/\/filharmoniapoznanska.pl\/en\/lukasz-borowicz-nowym-dyrektorem-muzycznym-filharmonii-poznanskiej\/#breadcrumb","itemListElement":[{"@type":"ListItem","position":1,"name":"Strona g\u0142\u00f3wna","item":"https:\/\/filharmoniapoznanska.pl\/en\/"},{"@type":"ListItem","position":2,"name":"\u0141UKASZ BOROWICZ THE NEW MUSIC DIRECTOR OF POZNAN PHILHARMONIC"}]},{"@type":"WebSite","@id":"https:\/\/filharmoniapoznanska.pl\/#website","url":"https:\/\/filharmoniapoznanska.pl\/","name":"Filharmonia Pozna\u0144ska","description":"","potentialAction":[{"@type":"SearchAction","target":{"@type":"EntryPoint","urlTemplate":"https:\/\/filharmoniapoznanska.pl\/?s={search_term_string}"},"query-input":{"@type":"PropertyValueSpecification","valueRequired":true,"valueName":"search_term_string"}}],"inLanguage":"en-US"},{"@type":"Person","@id":"https:\/\/filharmoniapoznanska.pl\/#\/schema\/person\/97ad778439761f146e08647d0bdacfd4","name":"Katarzyna","image":{"@type":"ImageObject","inLanguage":"en-US","@id":"https:\/\/secure.gravatar.com\/avatar\/c42160e78464a3c13d81387337e05f8c7d0f9e4186169a7263f2e9ac90960271?s=96&d=mm&r=g","url":"https:\/\/secure.gravatar.com\/avatar\/c42160e78464a3c13d81387337e05f8c7d0f9e4186169a7263f2e9ac90960271?s=96&d=mm&r=g","contentUrl":"https:\/\/secure.gravatar.com\/avatar\/c42160e78464a3c13d81387337e05f8c7d0f9e4186169a7263f2e9ac90960271?s=96&d=mm&r=g","caption":"Katarzyna"}}]}},"_links":{"self":[{"href":"https:\/\/filharmoniapoznanska.pl\/en\/wp-json\/wp\/v2\/posts\/19698","targetHints":{"allow":["GET"]}}],"collection":[{"href":"https:\/\/filharmoniapoznanska.pl\/en\/wp-json\/wp\/v2\/posts"}],"about":[{"href":"https:\/\/filharmoniapoznanska.pl\/en\/wp-json\/wp\/v2\/types\/post"}],"author":[{"embeddable":true,"href":"https:\/\/filharmoniapoznanska.pl\/en\/wp-json\/wp\/v2\/users\/3"}],"replies":[{"embeddable":true,"href":"https:\/\/filharmoniapoznanska.pl\/en\/wp-json\/wp\/v2\/comments?post=19698"}],"version-history":[{"count":4,"href":"https:\/\/filharmoniapoznanska.pl\/en\/wp-json\/wp\/v2\/posts\/19698\/revisions"}],"predecessor-version":[{"id":19712,"href":"https:\/\/filharmoniapoznanska.pl\/en\/wp-json\/wp\/v2\/posts\/19698\/revisions\/19712"}],"wp:attachment":[{"href":"https:\/\/filharmoniapoznanska.pl\/en\/wp-json\/wp\/v2\/media?parent=19698"}],"wp:term":[{"taxonomy":"category","embeddable":true,"href":"https:\/\/filharmoniapoznanska.pl\/en\/wp-json\/wp\/v2\/categories?post=19698"},{"taxonomy":"post_tag","embeddable":true,"href":"https:\/\/filharmoniapoznanska.pl\/en\/wp-json\/wp\/v2\/tags?post=19698"}],"curies":[{"name":"wp","href":"https:\/\/api.w.org\/{rel}","templated":true}]}}