{"id":18355,"date":"2021-03-05T11:04:48","date_gmt":"2021-03-05T10:04:48","guid":{"rendered":"https:\/\/filharmoniapoznanska.pl\/wiosna-w-filharmonii\/"},"modified":"2021-03-08T16:56:31","modified_gmt":"2021-03-08T15:56:31","slug":"wiosna-w-filharmonii","status":"publish","type":"post","link":"https:\/\/filharmoniapoznanska.pl\/en\/wiosna-w-filharmonii\/","title":{"rendered":"SPRING IN THE PHILHARMONIC"},"content":{"rendered":"<figure class=\"wp-block-image size-large\"><img decoding=\"async\" class=\"wp-image-18314\" src=\"https:\/\/filharmoniapoznanska.pl\/wp-content\/uploads\/2018\/12\/30248_FIL_banery-marzec20210312_EN.jpg\" alt=\"\" \/><\/figure>\r\n\r\n\r\nIn the Poznan Philharmonic spring will appear\u2026 on the 12th of March. That day at 7 pm, in AMU Concert Hall, the opening concert of the 50th Poznan Music Spring Festival starts.\r\n\r\nOnce again the Poznan Philharmonic engages in the organization of the symphonic concert within the International Festival of Contemporary Music Poznan Music Spring, referring to the beginning of the Festival dating back to the 1960s, as well as the long-standing tradition of taking part in this event which attracts many auditors and contemporary music lovers.\r\n\r\nYear 2021 sees the 50th edition of the Poznan Music Spring. The jubilee, especially the golden one, obliges \u2013 that\u2019s why the concert on the 12th of March opening the 50th edition of the Festival will have a really festive spirit (due to the pandemic other Festival concerts are scheduled for autumn). We will listen to four excellent performers in the solo parts of four works: Marzena Micha\u0142owska (soprano), Jakub Kaszuba (oboe), Wojciech Jeli\u0144ski (trombone) and Damian Kurek (trumpet). The three last soloists are the artists of the Poznan Philharmonic Orchestra.\r\n\r\nThe first work performed during the concert will be a piece written by the founder of the Festival and the patron of the Poznan Philharmonic, Tadeusz Szeligowski: Green Songs, in an orchestration by Maciej \u017b\u00f3\u0142towski prepared specifically for that concert, with participation of the orchestra. One can call it a premiere of the work in a new version.\r\n\r\nThe subsequent points of the evening will be filled by concertos for wind instruments. Four Dialogues for Oboe and Chamber Orchestra by Tadeusz Baird is a 20th century Polish classic work in the oboe music literature. The piece by Zbigniew Kozub, Concerto for Trombone and Small Orchestra, was composed especially for the evening opening the jubilee Poznan Music Spring and specifically for Wojciech Jeli\u0144ski. The climax of the concert is the first Poznan performance of Krzysztof Penderecki\u2019s Concertino for Trumpet and Orchestra from 2015, one of the late works of the great composer, the 1st death anniversary of whom we will soon commemorate. Poznan Philharmonic Orchestra will be led by \u0141ukasz Borowicz.\r\n<div id=\"18247\" class=\"post__item\">\r\n<div class=\"post__item-content\">\r\n\r\n<strong>Friday, 12th of March 2021, 7 pm, AMU Concert Hall <\/strong>\r\n\r\n<span style=\"color: #9d000e;\"><strong>OPENING CONCERT OF THE 50th POZNAN MUSIC SPRING <\/strong><\/span>\r\n\r\n<strong>PERFORMERS:<\/strong>\r\n\r\nMarzena MICHA\u0141OWSKA \u2013 soprano\r\nJakub KASZUBA \u2013 oboe\r\nWojciech JELI\u0143SKI \u2013 trombone\r\nDamian KUREK \u2013 trumpet\r\n\u0141ukasz BOROWICZ \u2013 conductor\r\nPoznan Philharmonic Orchestra\r\nMa\u0142gorzata Paw\u0142owska \u2013 introduction\r\n\r\n<strong>PROGRAM:<\/strong>\r\n<ul>\r\n \t<li><strong>Tadeusz Szeligowski<\/strong>, <em>Green Songs<\/em> (orchestration by Maciej \u017b\u00f3\u0142towski)\u00a0(1930)\r\n<em>Lilies \u2013 ballad (Lento) <\/em>\r\n<em>Oaks \u2013 elegy (Largo) <\/em>\r\n<em>In the Alder Grove \u2013 idyll (Allegretto) <\/em>\r\n<em>Hops \u2013 wedding song (Vivo)<\/em><\/li>\r\n \t<li><strong>Tadeusz Baird<\/strong>, Four Dialogues for Oboe and Chamber Orchestra (1964)\r\n<em>Andante non troppo <\/em>\r\n<em>Moderato <\/em>\r\n<em>Allegro moderato <\/em>\r\n<em>Adagio calmatissimo\u00a0<\/em><\/li>\r\n \t<li><strong>Zbigniew Kozub<\/strong>, Concerto for Trombone and Small Orchestra (2021) \u2013 premiere\r\n<em>Allegretto misterioso \u2013 Andante secco \u2013 Allegretto \u2013 Andantino con melanconia <\/em><\/li>\r\n \t<li><strong>Krzysztof Penderecki<\/strong>, Concertino for Trumpet and Orchestra (2015)\r\n<em>Andante <\/em>\r\n<em>Larghetto<\/em>\r\n<em>Intermezzo <\/em>\r\n<em>Vivo ma non troppo\u00a0<\/em><\/li>\r\n<\/ul>\r\n<strong>Season tickets:<\/strong>\r\nDL | MW\r\n\r\n<strong>Tickets:<\/strong> prize: A\r\n\r\n<img loading=\"lazy\" decoding=\"async\" class=\"alignnone wp-image-18231\" src=\"https:\/\/filharmoniapoznanska.pl\/wp-content\/uploads\/2021\/02\/0001.jpg\" sizes=\"auto, (max-width: 74px) 100vw, 74px\" srcset=\"https:\/\/filharmoniapoznanska.pl\/wp-content\/uploads\/2021\/02\/0001.jpg 659w, https:\/\/filharmoniapoznanska.pl\/wp-content\/uploads\/2021\/02\/0001-190x300.jpg 190w, https:\/\/filharmoniapoznanska.pl\/wp-content\/uploads\/2021\/02\/0001-648x1024.jpg 648w, https:\/\/filharmoniapoznanska.pl\/wp-content\/uploads\/2021\/02\/0001-234x370.jpg 234w\" alt=\"\" width=\"74\" height=\"117\" \/>\r\n\r\n<\/div>\r\n<\/div><!-- \/wp:post-content -->","protected":false},"excerpt":{"rendered":"<p>In the Poznan Philharmonic spring will appear\u2026 on the 12th of March. That day at 7 pm, in AMU Concert Hall, the opening concert of the 50th Poznan Music Spring Festival starts. Once again the Poznan Philharmonic engages in the organization of the symphonic concert within the International Festival of Contemporary Music Poznan Music Spring, [&hellip;]<\/p>\n","protected":false},"author":3,"featured_media":0,"comment_status":"closed","ping_status":"closed","sticky":false,"template":"","format":"standard","meta":{"_acf_changed":false,"footnotes":""},"categories":[27],"tags":[],"class_list":["post-18355","post","type-post","status-publish","format-standard","hentry","category-bez-kategorii-en"],"acf":[],"yoast_head":"<!-- This site is optimized with the Yoast SEO plugin v27.3 - https:\/\/yoast.com\/product\/yoast-seo-wordpress\/ -->\n<title>Filharmonia Pozna\u0144ska SPRING IN THE PHILHARMONIC<\/title>\n<meta name=\"robots\" content=\"index, follow, max-snippet:-1, max-image-preview:large, max-video-preview:-1\" \/>\n<link rel=\"canonical\" href=\"https:\/\/filharmoniapoznanska.pl\/en\/wiosna-w-filharmonii\/\" \/>\n<meta property=\"og:locale\" content=\"en_US\" \/>\n<meta property=\"og:type\" content=\"article\" \/>\n<meta property=\"og:title\" content=\"Filharmonia Pozna\u0144ska SPRING IN THE PHILHARMONIC\" \/>\n<meta property=\"og:description\" content=\"In the Poznan Philharmonic spring will appear\u2026 on the 12th of March. That day at 7 pm, in AMU Concert Hall, the opening concert of the 50th Poznan Music Spring Festival starts. Once again the Poznan Philharmonic engages in the organization of the symphonic concert within the International Festival of Contemporary Music Poznan Music Spring, [&hellip;]\" \/>\n<meta property=\"og:url\" content=\"https:\/\/filharmoniapoznanska.pl\/en\/wiosna-w-filharmonii\/\" \/>\n<meta property=\"og:site_name\" content=\"Filharmonia Pozna\u0144ska\" \/>\n<meta property=\"article:published_time\" content=\"2021-03-05T10:04:48+00:00\" \/>\n<meta property=\"article:modified_time\" content=\"2021-03-08T15:56:31+00:00\" \/>\n<meta property=\"og:image\" content=\"https:\/\/filharmoniapoznanska.pl\/wp-content\/uploads\/2018\/12\/30248_FIL_banery-marzec20210312_EN.jpg\" \/>\n<meta name=\"author\" content=\"Katarzyna\" \/>\n<meta name=\"twitter:card\" content=\"summary_large_image\" \/>\n<meta name=\"twitter:label1\" content=\"Written by\" \/>\n\t<meta name=\"twitter:data1\" content=\"Katarzyna\" \/>\n\t<meta name=\"twitter:label2\" content=\"Est. reading time\" \/>\n\t<meta name=\"twitter:data2\" content=\"2 minutes\" \/>\n<script type=\"application\/ld+json\" class=\"yoast-schema-graph\">{\"@context\":\"https:\\\/\\\/schema.org\",\"@graph\":[{\"@type\":\"Article\",\"@id\":\"https:\\\/\\\/filharmoniapoznanska.pl\\\/en\\\/wiosna-w-filharmonii\\\/#article\",\"isPartOf\":{\"@id\":\"https:\\\/\\\/filharmoniapoznanska.pl\\\/en\\\/wiosna-w-filharmonii\\\/\"},\"author\":{\"name\":\"Katarzyna\",\"@id\":\"https:\\\/\\\/filharmoniapoznanska.pl\\\/#\\\/schema\\\/person\\\/97ad778439761f146e08647d0bdacfd4\"},\"headline\":\"SPRING IN THE PHILHARMONIC\",\"datePublished\":\"2021-03-05T10:04:48+00:00\",\"dateModified\":\"2021-03-08T15:56:31+00:00\",\"mainEntityOfPage\":{\"@id\":\"https:\\\/\\\/filharmoniapoznanska.pl\\\/en\\\/wiosna-w-filharmonii\\\/\"},\"wordCount\":475,\"image\":{\"@id\":\"https:\\\/\\\/filharmoniapoznanska.pl\\\/en\\\/wiosna-w-filharmonii\\\/#primaryimage\"},\"thumbnailUrl\":\"https:\\\/\\\/filharmoniapoznanska.pl\\\/wp-content\\\/uploads\\\/2018\\\/12\\\/30248_FIL_banery-marzec20210312_EN.jpg\",\"articleSection\":[\"Bez kategorii\"],\"inLanguage\":\"en-US\"},{\"@type\":\"WebPage\",\"@id\":\"https:\\\/\\\/filharmoniapoznanska.pl\\\/en\\\/wiosna-w-filharmonii\\\/\",\"url\":\"https:\\\/\\\/filharmoniapoznanska.pl\\\/en\\\/wiosna-w-filharmonii\\\/\",\"name\":\"Filharmonia Pozna\u0144ska SPRING IN THE PHILHARMONIC\",\"isPartOf\":{\"@id\":\"https:\\\/\\\/filharmoniapoznanska.pl\\\/#website\"},\"primaryImageOfPage\":{\"@id\":\"https:\\\/\\\/filharmoniapoznanska.pl\\\/en\\\/wiosna-w-filharmonii\\\/#primaryimage\"},\"image\":{\"@id\":\"https:\\\/\\\/filharmoniapoznanska.pl\\\/en\\\/wiosna-w-filharmonii\\\/#primaryimage\"},\"thumbnailUrl\":\"https:\\\/\\\/filharmoniapoznanska.pl\\\/wp-content\\\/uploads\\\/2018\\\/12\\\/30248_FIL_banery-marzec20210312_EN.jpg\",\"datePublished\":\"2021-03-05T10:04:48+00:00\",\"dateModified\":\"2021-03-08T15:56:31+00:00\",\"author\":{\"@id\":\"https:\\\/\\\/filharmoniapoznanska.pl\\\/#\\\/schema\\\/person\\\/97ad778439761f146e08647d0bdacfd4\"},\"breadcrumb\":{\"@id\":\"https:\\\/\\\/filharmoniapoznanska.pl\\\/en\\\/wiosna-w-filharmonii\\\/#breadcrumb\"},\"inLanguage\":\"en-US\",\"potentialAction\":[{\"@type\":\"ReadAction\",\"target\":[\"https:\\\/\\\/filharmoniapoznanska.pl\\\/en\\\/wiosna-w-filharmonii\\\/\"]}]},{\"@type\":\"ImageObject\",\"inLanguage\":\"en-US\",\"@id\":\"https:\\\/\\\/filharmoniapoznanska.pl\\\/en\\\/wiosna-w-filharmonii\\\/#primaryimage\",\"url\":\"https:\\\/\\\/filharmoniapoznanska.pl\\\/wp-content\\\/uploads\\\/2018\\\/12\\\/30248_FIL_banery-marzec20210312_EN.jpg\",\"contentUrl\":\"https:\\\/\\\/filharmoniapoznanska.pl\\\/wp-content\\\/uploads\\\/2018\\\/12\\\/30248_FIL_banery-marzec20210312_EN.jpg\"},{\"@type\":\"BreadcrumbList\",\"@id\":\"https:\\\/\\\/filharmoniapoznanska.pl\\\/en\\\/wiosna-w-filharmonii\\\/#breadcrumb\",\"itemListElement\":[{\"@type\":\"ListItem\",\"position\":1,\"name\":\"Strona g\u0142\u00f3wna\",\"item\":\"https:\\\/\\\/filharmoniapoznanska.pl\\\/en\\\/\"},{\"@type\":\"ListItem\",\"position\":2,\"name\":\"SPRING IN THE PHILHARMONIC\"}]},{\"@type\":\"WebSite\",\"@id\":\"https:\\\/\\\/filharmoniapoznanska.pl\\\/#website\",\"url\":\"https:\\\/\\\/filharmoniapoznanska.pl\\\/\",\"name\":\"Filharmonia Pozna\u0144ska\",\"description\":\"\",\"potentialAction\":[{\"@type\":\"SearchAction\",\"target\":{\"@type\":\"EntryPoint\",\"urlTemplate\":\"https:\\\/\\\/filharmoniapoznanska.pl\\\/?s={search_term_string}\"},\"query-input\":{\"@type\":\"PropertyValueSpecification\",\"valueRequired\":true,\"valueName\":\"search_term_string\"}}],\"inLanguage\":\"en-US\"},{\"@type\":\"Person\",\"@id\":\"https:\\\/\\\/filharmoniapoznanska.pl\\\/#\\\/schema\\\/person\\\/97ad778439761f146e08647d0bdacfd4\",\"name\":\"Katarzyna\",\"image\":{\"@type\":\"ImageObject\",\"inLanguage\":\"en-US\",\"@id\":\"https:\\\/\\\/secure.gravatar.com\\\/avatar\\\/c42160e78464a3c13d81387337e05f8c7d0f9e4186169a7263f2e9ac90960271?s=96&d=mm&r=g\",\"url\":\"https:\\\/\\\/secure.gravatar.com\\\/avatar\\\/c42160e78464a3c13d81387337e05f8c7d0f9e4186169a7263f2e9ac90960271?s=96&d=mm&r=g\",\"contentUrl\":\"https:\\\/\\\/secure.gravatar.com\\\/avatar\\\/c42160e78464a3c13d81387337e05f8c7d0f9e4186169a7263f2e9ac90960271?s=96&d=mm&r=g\",\"caption\":\"Katarzyna\"}}]}<\/script>\n<!-- \/ Yoast SEO plugin. -->","yoast_head_json":{"title":"Filharmonia Pozna\u0144ska SPRING IN THE PHILHARMONIC","robots":{"index":"index","follow":"follow","max-snippet":"max-snippet:-1","max-image-preview":"max-image-preview:large","max-video-preview":"max-video-preview:-1"},"canonical":"https:\/\/filharmoniapoznanska.pl\/en\/wiosna-w-filharmonii\/","og_locale":"en_US","og_type":"article","og_title":"Filharmonia Pozna\u0144ska SPRING IN THE PHILHARMONIC","og_description":"In the Poznan Philharmonic spring will appear\u2026 on the 12th of March. That day at 7 pm, in AMU Concert Hall, the opening concert of the 50th Poznan Music Spring Festival starts. Once again the Poznan Philharmonic engages in the organization of the symphonic concert within the International Festival of Contemporary Music Poznan Music Spring, [&hellip;]","og_url":"https:\/\/filharmoniapoznanska.pl\/en\/wiosna-w-filharmonii\/","og_site_name":"Filharmonia Pozna\u0144ska","article_published_time":"2021-03-05T10:04:48+00:00","article_modified_time":"2021-03-08T15:56:31+00:00","og_image":[{"url":"https:\/\/filharmoniapoznanska.pl\/wp-content\/uploads\/2018\/12\/30248_FIL_banery-marzec20210312_EN.jpg","type":"","width":"","height":""}],"author":"Katarzyna","twitter_card":"summary_large_image","twitter_misc":{"Written by":"Katarzyna","Est. reading time":"2 minutes"},"schema":{"@context":"https:\/\/schema.org","@graph":[{"@type":"Article","@id":"https:\/\/filharmoniapoznanska.pl\/en\/wiosna-w-filharmonii\/#article","isPartOf":{"@id":"https:\/\/filharmoniapoznanska.pl\/en\/wiosna-w-filharmonii\/"},"author":{"name":"Katarzyna","@id":"https:\/\/filharmoniapoznanska.pl\/#\/schema\/person\/97ad778439761f146e08647d0bdacfd4"},"headline":"SPRING IN THE PHILHARMONIC","datePublished":"2021-03-05T10:04:48+00:00","dateModified":"2021-03-08T15:56:31+00:00","mainEntityOfPage":{"@id":"https:\/\/filharmoniapoznanska.pl\/en\/wiosna-w-filharmonii\/"},"wordCount":475,"image":{"@id":"https:\/\/filharmoniapoznanska.pl\/en\/wiosna-w-filharmonii\/#primaryimage"},"thumbnailUrl":"https:\/\/filharmoniapoznanska.pl\/wp-content\/uploads\/2018\/12\/30248_FIL_banery-marzec20210312_EN.jpg","articleSection":["Bez kategorii"],"inLanguage":"en-US"},{"@type":"WebPage","@id":"https:\/\/filharmoniapoznanska.pl\/en\/wiosna-w-filharmonii\/","url":"https:\/\/filharmoniapoznanska.pl\/en\/wiosna-w-filharmonii\/","name":"Filharmonia Pozna\u0144ska SPRING IN THE PHILHARMONIC","isPartOf":{"@id":"https:\/\/filharmoniapoznanska.pl\/#website"},"primaryImageOfPage":{"@id":"https:\/\/filharmoniapoznanska.pl\/en\/wiosna-w-filharmonii\/#primaryimage"},"image":{"@id":"https:\/\/filharmoniapoznanska.pl\/en\/wiosna-w-filharmonii\/#primaryimage"},"thumbnailUrl":"https:\/\/filharmoniapoznanska.pl\/wp-content\/uploads\/2018\/12\/30248_FIL_banery-marzec20210312_EN.jpg","datePublished":"2021-03-05T10:04:48+00:00","dateModified":"2021-03-08T15:56:31+00:00","author":{"@id":"https:\/\/filharmoniapoznanska.pl\/#\/schema\/person\/97ad778439761f146e08647d0bdacfd4"},"breadcrumb":{"@id":"https:\/\/filharmoniapoznanska.pl\/en\/wiosna-w-filharmonii\/#breadcrumb"},"inLanguage":"en-US","potentialAction":[{"@type":"ReadAction","target":["https:\/\/filharmoniapoznanska.pl\/en\/wiosna-w-filharmonii\/"]}]},{"@type":"ImageObject","inLanguage":"en-US","@id":"https:\/\/filharmoniapoznanska.pl\/en\/wiosna-w-filharmonii\/#primaryimage","url":"https:\/\/filharmoniapoznanska.pl\/wp-content\/uploads\/2018\/12\/30248_FIL_banery-marzec20210312_EN.jpg","contentUrl":"https:\/\/filharmoniapoznanska.pl\/wp-content\/uploads\/2018\/12\/30248_FIL_banery-marzec20210312_EN.jpg"},{"@type":"BreadcrumbList","@id":"https:\/\/filharmoniapoznanska.pl\/en\/wiosna-w-filharmonii\/#breadcrumb","itemListElement":[{"@type":"ListItem","position":1,"name":"Strona g\u0142\u00f3wna","item":"https:\/\/filharmoniapoznanska.pl\/en\/"},{"@type":"ListItem","position":2,"name":"SPRING IN THE PHILHARMONIC"}]},{"@type":"WebSite","@id":"https:\/\/filharmoniapoznanska.pl\/#website","url":"https:\/\/filharmoniapoznanska.pl\/","name":"Filharmonia Pozna\u0144ska","description":"","potentialAction":[{"@type":"SearchAction","target":{"@type":"EntryPoint","urlTemplate":"https:\/\/filharmoniapoznanska.pl\/?s={search_term_string}"},"query-input":{"@type":"PropertyValueSpecification","valueRequired":true,"valueName":"search_term_string"}}],"inLanguage":"en-US"},{"@type":"Person","@id":"https:\/\/filharmoniapoznanska.pl\/#\/schema\/person\/97ad778439761f146e08647d0bdacfd4","name":"Katarzyna","image":{"@type":"ImageObject","inLanguage":"en-US","@id":"https:\/\/secure.gravatar.com\/avatar\/c42160e78464a3c13d81387337e05f8c7d0f9e4186169a7263f2e9ac90960271?s=96&d=mm&r=g","url":"https:\/\/secure.gravatar.com\/avatar\/c42160e78464a3c13d81387337e05f8c7d0f9e4186169a7263f2e9ac90960271?s=96&d=mm&r=g","contentUrl":"https:\/\/secure.gravatar.com\/avatar\/c42160e78464a3c13d81387337e05f8c7d0f9e4186169a7263f2e9ac90960271?s=96&d=mm&r=g","caption":"Katarzyna"}}]}},"_links":{"self":[{"href":"https:\/\/filharmoniapoznanska.pl\/en\/wp-json\/wp\/v2\/posts\/18355","targetHints":{"allow":["GET"]}}],"collection":[{"href":"https:\/\/filharmoniapoznanska.pl\/en\/wp-json\/wp\/v2\/posts"}],"about":[{"href":"https:\/\/filharmoniapoznanska.pl\/en\/wp-json\/wp\/v2\/types\/post"}],"author":[{"embeddable":true,"href":"https:\/\/filharmoniapoznanska.pl\/en\/wp-json\/wp\/v2\/users\/3"}],"replies":[{"embeddable":true,"href":"https:\/\/filharmoniapoznanska.pl\/en\/wp-json\/wp\/v2\/comments?post=18355"}],"version-history":[{"count":10,"href":"https:\/\/filharmoniapoznanska.pl\/en\/wp-json\/wp\/v2\/posts\/18355\/revisions"}],"predecessor-version":[{"id":18384,"href":"https:\/\/filharmoniapoznanska.pl\/en\/wp-json\/wp\/v2\/posts\/18355\/revisions\/18384"}],"wp:attachment":[{"href":"https:\/\/filharmoniapoznanska.pl\/en\/wp-json\/wp\/v2\/media?parent=18355"}],"wp:term":[{"taxonomy":"category","embeddable":true,"href":"https:\/\/filharmoniapoznanska.pl\/en\/wp-json\/wp\/v2\/categories?post=18355"},{"taxonomy":"post_tag","embeddable":true,"href":"https:\/\/filharmoniapoznanska.pl\/en\/wp-json\/wp\/v2\/tags?post=18355"}],"curies":[{"name":"wp","href":"https:\/\/api.w.org\/{rel}","templated":true}]}}