{"id":16903,"date":"2020-12-03T17:33:27","date_gmt":"2020-12-03T16:33:27","guid":{"rendered":"https:\/\/filharmoniapoznanska.pl\/?p=16903"},"modified":"2020-12-04T10:12:10","modified_gmt":"2020-12-04T09:12:10","slug":"faniska-another-world-phonographic-premiere-of-poznan-philharmonic-orchestra","status":"publish","type":"post","link":"https:\/\/filharmoniapoznanska.pl\/en\/faniska-another-world-phonographic-premiere-of-poznan-philharmonic-orchestra\/","title":{"rendered":"Faniska &#8211; another world phonographic premiere of Poznan Philharmonic Orchestra"},"content":{"rendered":"\n<figure class=\"wp-block-image size-large\"><img loading=\"lazy\" decoding=\"async\" width=\"940\" height=\"347\" src=\"https:\/\/filharmoniapoznanska.pl\/wp-content\/uploads\/2018\/12\/FP_baner_Plyta_Faniska_03b_EN.jpg\" alt=\"\" class=\"wp-image-16905\" srcset=\"https:\/\/filharmoniapoznanska.pl\/wp-content\/uploads\/2018\/12\/FP_baner_Plyta_Faniska_03b_EN.jpg 940w, https:\/\/filharmoniapoznanska.pl\/wp-content\/uploads\/2018\/12\/FP_baner_Plyta_Faniska_03b_EN-300x111.jpg 300w, https:\/\/filharmoniapoznanska.pl\/wp-content\/uploads\/2018\/12\/FP_baner_Plyta_Faniska_03b_EN-768x284.jpg 768w, https:\/\/filharmoniapoznanska.pl\/wp-content\/uploads\/2018\/12\/FP_baner_Plyta_Faniska_03b_EN-660x244.jpg 660w\" sizes=\"auto, (max-width: 940px) 100vw, 940px\" \/><\/figure>\n\n\n<p>We can joke that this year Easter fell in\u2026 October, as it was then that due to the pandemic the Ludwig van Beethoven Easter Festival, scheduled for April, was held. Traditionally it included a concert dedicated to forgotten opera works, the spiritus movens of which was \u0141ukasz Borowicz, our Chief Guest Conductor.<\/p>\n<p>Also traditionally one of the cycle\u2019s performers was Poznan Philharmonic Orchestra. This time at the National Philharmonic in Warsaw (on the 20th of October) \u201cFaniska\u201d by Luigi Cherubini was heard. You can now listen to this work in its full version on albums. The double CD \u201cLuigi Cherubini, Faniska\u201d has just been released by the DUX label.<\/p>\n<p>The opera (with the libretto by Joseph Sonnleithner) was commissioned by the directorship of Hofoper in Vienna in April of 1805. The premiere performance took place in the Viennese K\u00e4rntnertortheater on the 25th of February 1806 in the presence of the emperor Franz II. The work fascinated Ludwig van Beethoven so much, that he decided to compose an opera. And he wrote one: \u201cFidelio\u201d.<\/p>\n<p>The action of \u201cFaniska\u201d takes place in Poland, in one of the castles of magnates in the area of Sandomierz. Both characters, Zamoski and Rasinski, are the estranged rulers of the adjacent voivodeships. The main plot concerns the efforts to free Faniska, the wife of Rasinski, who is being imprisoned by Zamoski in the dungeons his castle. The story finishes with a happy end.<\/p>\n<p>The album was recorded with the participation of Natalia Rubi\u015b (soprano), Krystian Adam Krzeszowiak (tenor), Katarzyna Belkius (soprano), Robert Gierlach (basso-baritone), Tomasz Rak (baritone), Justyna O\u0142\u00f3w (mezzosoprano), Piotr Kalina (tenor), Poznan Chamber Choir (prepared by Bartosz Micha\u0142owski) and Poznan Philharmonic Orchestra. The whole ensemble was led by \u0141ukasz Borowicz.<\/p>\n<p>The album, which is another world phonographic premiere in the discography of Poznan Philharmonic Orchestra, has just been released \u2013 you can purchase it in good music stores.<\/p>","protected":false},"excerpt":{"rendered":"<p>We can joke that this year Easter fell in\u2026 October, as it was then that due to the pandemic the Ludwig van Beethoven Easter Festival, scheduled for April, was held. Traditionally it included a concert dedicated to forgotten opera works, the spiritus movens of which was \u0141ukasz Borowicz, our Chief Guest Conductor. Also traditionally one [&hellip;]<\/p>\n","protected":false},"author":3,"featured_media":0,"comment_status":"closed","ping_status":"closed","sticky":false,"template":"","format":"standard","meta":{"_acf_changed":false,"footnotes":""},"categories":[27],"tags":[],"class_list":["post-16903","post","type-post","status-publish","format-standard","hentry","category-bez-kategorii-en"],"acf":[],"yoast_head":"<!-- This site is optimized with the Yoast SEO plugin v27.3 - https:\/\/yoast.com\/product\/yoast-seo-wordpress\/ -->\n<title>Filharmonia Pozna\u0144ska Faniska - another world phonographic premiere of Poznan Philharmonic Orchestra<\/title>\n<meta name=\"robots\" content=\"index, follow, max-snippet:-1, max-image-preview:large, max-video-preview:-1\" \/>\n<link rel=\"canonical\" href=\"https:\/\/filharmoniapoznanska.pl\/en\/faniska-another-world-phonographic-premiere-of-poznan-philharmonic-orchestra\/\" \/>\n<meta property=\"og:locale\" content=\"en_US\" \/>\n<meta property=\"og:type\" content=\"article\" \/>\n<meta property=\"og:title\" content=\"Filharmonia Pozna\u0144ska Faniska - another world phonographic premiere of Poznan Philharmonic Orchestra\" \/>\n<meta property=\"og:description\" content=\"We can joke that this year Easter fell in\u2026 October, as it was then that due to the pandemic the Ludwig van Beethoven Easter Festival, scheduled for April, was held. Traditionally it included a concert dedicated to forgotten opera works, the spiritus movens of which was \u0141ukasz Borowicz, our Chief Guest Conductor. Also traditionally one [&hellip;]\" \/>\n<meta property=\"og:url\" content=\"https:\/\/filharmoniapoznanska.pl\/en\/faniska-another-world-phonographic-premiere-of-poznan-philharmonic-orchestra\/\" \/>\n<meta property=\"og:site_name\" content=\"Filharmonia Pozna\u0144ska\" \/>\n<meta property=\"article:published_time\" content=\"2020-12-03T16:33:27+00:00\" \/>\n<meta property=\"article:modified_time\" content=\"2020-12-04T09:12:10+00:00\" \/>\n<meta property=\"og:image\" content=\"https:\/\/filharmoniapoznanska.pl\/wp-content\/uploads\/2018\/12\/FP_baner_Plyta_Faniska_03b_EN.jpg\" \/>\n<meta name=\"author\" content=\"Katarzyna\" \/>\n<meta name=\"twitter:card\" content=\"summary_large_image\" \/>\n<meta name=\"twitter:label1\" content=\"Written by\" \/>\n\t<meta name=\"twitter:data1\" content=\"Katarzyna\" \/>\n\t<meta name=\"twitter:label2\" content=\"Est. reading time\" \/>\n\t<meta name=\"twitter:data2\" content=\"2 minutes\" \/>\n<script type=\"application\/ld+json\" class=\"yoast-schema-graph\">{\"@context\":\"https:\\\/\\\/schema.org\",\"@graph\":[{\"@type\":\"Article\",\"@id\":\"https:\\\/\\\/filharmoniapoznanska.pl\\\/en\\\/faniska-another-world-phonographic-premiere-of-poznan-philharmonic-orchestra\\\/#article\",\"isPartOf\":{\"@id\":\"https:\\\/\\\/filharmoniapoznanska.pl\\\/en\\\/faniska-another-world-phonographic-premiere-of-poznan-philharmonic-orchestra\\\/\"},\"author\":{\"name\":\"Katarzyna\",\"@id\":\"https:\\\/\\\/filharmoniapoznanska.pl\\\/#\\\/schema\\\/person\\\/97ad778439761f146e08647d0bdacfd4\"},\"headline\":\"Faniska &#8211; another world phonographic premiere of Poznan Philharmonic Orchestra\",\"datePublished\":\"2020-12-03T16:33:27+00:00\",\"dateModified\":\"2020-12-04T09:12:10+00:00\",\"mainEntityOfPage\":{\"@id\":\"https:\\\/\\\/filharmoniapoznanska.pl\\\/en\\\/faniska-another-world-phonographic-premiere-of-poznan-philharmonic-orchestra\\\/\"},\"wordCount\":325,\"image\":{\"@id\":\"https:\\\/\\\/filharmoniapoznanska.pl\\\/en\\\/faniska-another-world-phonographic-premiere-of-poznan-philharmonic-orchestra\\\/#primaryimage\"},\"thumbnailUrl\":\"https:\\\/\\\/filharmoniapoznanska.pl\\\/wp-content\\\/uploads\\\/2018\\\/12\\\/FP_baner_Plyta_Faniska_03b_EN.jpg\",\"articleSection\":[\"Bez kategorii\"],\"inLanguage\":\"en-US\"},{\"@type\":\"WebPage\",\"@id\":\"https:\\\/\\\/filharmoniapoznanska.pl\\\/en\\\/faniska-another-world-phonographic-premiere-of-poznan-philharmonic-orchestra\\\/\",\"url\":\"https:\\\/\\\/filharmoniapoznanska.pl\\\/en\\\/faniska-another-world-phonographic-premiere-of-poznan-philharmonic-orchestra\\\/\",\"name\":\"Filharmonia Pozna\u0144ska Faniska - another world phonographic premiere of Poznan Philharmonic Orchestra\",\"isPartOf\":{\"@id\":\"https:\\\/\\\/filharmoniapoznanska.pl\\\/#website\"},\"primaryImageOfPage\":{\"@id\":\"https:\\\/\\\/filharmoniapoznanska.pl\\\/en\\\/faniska-another-world-phonographic-premiere-of-poznan-philharmonic-orchestra\\\/#primaryimage\"},\"image\":{\"@id\":\"https:\\\/\\\/filharmoniapoznanska.pl\\\/en\\\/faniska-another-world-phonographic-premiere-of-poznan-philharmonic-orchestra\\\/#primaryimage\"},\"thumbnailUrl\":\"https:\\\/\\\/filharmoniapoznanska.pl\\\/wp-content\\\/uploads\\\/2018\\\/12\\\/FP_baner_Plyta_Faniska_03b_EN.jpg\",\"datePublished\":\"2020-12-03T16:33:27+00:00\",\"dateModified\":\"2020-12-04T09:12:10+00:00\",\"author\":{\"@id\":\"https:\\\/\\\/filharmoniapoznanska.pl\\\/#\\\/schema\\\/person\\\/97ad778439761f146e08647d0bdacfd4\"},\"breadcrumb\":{\"@id\":\"https:\\\/\\\/filharmoniapoznanska.pl\\\/en\\\/faniska-another-world-phonographic-premiere-of-poznan-philharmonic-orchestra\\\/#breadcrumb\"},\"inLanguage\":\"en-US\",\"potentialAction\":[{\"@type\":\"ReadAction\",\"target\":[\"https:\\\/\\\/filharmoniapoznanska.pl\\\/en\\\/faniska-another-world-phonographic-premiere-of-poznan-philharmonic-orchestra\\\/\"]}]},{\"@type\":\"ImageObject\",\"inLanguage\":\"en-US\",\"@id\":\"https:\\\/\\\/filharmoniapoznanska.pl\\\/en\\\/faniska-another-world-phonographic-premiere-of-poznan-philharmonic-orchestra\\\/#primaryimage\",\"url\":\"https:\\\/\\\/filharmoniapoznanska.pl\\\/wp-content\\\/uploads\\\/2018\\\/12\\\/FP_baner_Plyta_Faniska_03b_EN.jpg\",\"contentUrl\":\"https:\\\/\\\/filharmoniapoznanska.pl\\\/wp-content\\\/uploads\\\/2018\\\/12\\\/FP_baner_Plyta_Faniska_03b_EN.jpg\"},{\"@type\":\"BreadcrumbList\",\"@id\":\"https:\\\/\\\/filharmoniapoznanska.pl\\\/en\\\/faniska-another-world-phonographic-premiere-of-poznan-philharmonic-orchestra\\\/#breadcrumb\",\"itemListElement\":[{\"@type\":\"ListItem\",\"position\":1,\"name\":\"Strona g\u0142\u00f3wna\",\"item\":\"https:\\\/\\\/filharmoniapoznanska.pl\\\/en\\\/\"},{\"@type\":\"ListItem\",\"position\":2,\"name\":\"Faniska &#8211; another world phonographic premiere of Poznan Philharmonic Orchestra\"}]},{\"@type\":\"WebSite\",\"@id\":\"https:\\\/\\\/filharmoniapoznanska.pl\\\/#website\",\"url\":\"https:\\\/\\\/filharmoniapoznanska.pl\\\/\",\"name\":\"Filharmonia Pozna\u0144ska\",\"description\":\"\",\"potentialAction\":[{\"@type\":\"SearchAction\",\"target\":{\"@type\":\"EntryPoint\",\"urlTemplate\":\"https:\\\/\\\/filharmoniapoznanska.pl\\\/?s={search_term_string}\"},\"query-input\":{\"@type\":\"PropertyValueSpecification\",\"valueRequired\":true,\"valueName\":\"search_term_string\"}}],\"inLanguage\":\"en-US\"},{\"@type\":\"Person\",\"@id\":\"https:\\\/\\\/filharmoniapoznanska.pl\\\/#\\\/schema\\\/person\\\/97ad778439761f146e08647d0bdacfd4\",\"name\":\"Katarzyna\",\"image\":{\"@type\":\"ImageObject\",\"inLanguage\":\"en-US\",\"@id\":\"https:\\\/\\\/secure.gravatar.com\\\/avatar\\\/c42160e78464a3c13d81387337e05f8c7d0f9e4186169a7263f2e9ac90960271?s=96&d=mm&r=g\",\"url\":\"https:\\\/\\\/secure.gravatar.com\\\/avatar\\\/c42160e78464a3c13d81387337e05f8c7d0f9e4186169a7263f2e9ac90960271?s=96&d=mm&r=g\",\"contentUrl\":\"https:\\\/\\\/secure.gravatar.com\\\/avatar\\\/c42160e78464a3c13d81387337e05f8c7d0f9e4186169a7263f2e9ac90960271?s=96&d=mm&r=g\",\"caption\":\"Katarzyna\"}}]}<\/script>\n<!-- \/ Yoast SEO plugin. -->","yoast_head_json":{"title":"Filharmonia Pozna\u0144ska Faniska - another world phonographic premiere of Poznan Philharmonic Orchestra","robots":{"index":"index","follow":"follow","max-snippet":"max-snippet:-1","max-image-preview":"max-image-preview:large","max-video-preview":"max-video-preview:-1"},"canonical":"https:\/\/filharmoniapoznanska.pl\/en\/faniska-another-world-phonographic-premiere-of-poznan-philharmonic-orchestra\/","og_locale":"en_US","og_type":"article","og_title":"Filharmonia Pozna\u0144ska Faniska - another world phonographic premiere of Poznan Philharmonic Orchestra","og_description":"We can joke that this year Easter fell in\u2026 October, as it was then that due to the pandemic the Ludwig van Beethoven Easter Festival, scheduled for April, was held. Traditionally it included a concert dedicated to forgotten opera works, the spiritus movens of which was \u0141ukasz Borowicz, our Chief Guest Conductor. Also traditionally one [&hellip;]","og_url":"https:\/\/filharmoniapoznanska.pl\/en\/faniska-another-world-phonographic-premiere-of-poznan-philharmonic-orchestra\/","og_site_name":"Filharmonia Pozna\u0144ska","article_published_time":"2020-12-03T16:33:27+00:00","article_modified_time":"2020-12-04T09:12:10+00:00","og_image":[{"url":"https:\/\/filharmoniapoznanska.pl\/wp-content\/uploads\/2018\/12\/FP_baner_Plyta_Faniska_03b_EN.jpg","type":"","width":"","height":""}],"author":"Katarzyna","twitter_card":"summary_large_image","twitter_misc":{"Written by":"Katarzyna","Est. reading time":"2 minutes"},"schema":{"@context":"https:\/\/schema.org","@graph":[{"@type":"Article","@id":"https:\/\/filharmoniapoznanska.pl\/en\/faniska-another-world-phonographic-premiere-of-poznan-philharmonic-orchestra\/#article","isPartOf":{"@id":"https:\/\/filharmoniapoznanska.pl\/en\/faniska-another-world-phonographic-premiere-of-poznan-philharmonic-orchestra\/"},"author":{"name":"Katarzyna","@id":"https:\/\/filharmoniapoznanska.pl\/#\/schema\/person\/97ad778439761f146e08647d0bdacfd4"},"headline":"Faniska &#8211; another world phonographic premiere of Poznan Philharmonic Orchestra","datePublished":"2020-12-03T16:33:27+00:00","dateModified":"2020-12-04T09:12:10+00:00","mainEntityOfPage":{"@id":"https:\/\/filharmoniapoznanska.pl\/en\/faniska-another-world-phonographic-premiere-of-poznan-philharmonic-orchestra\/"},"wordCount":325,"image":{"@id":"https:\/\/filharmoniapoznanska.pl\/en\/faniska-another-world-phonographic-premiere-of-poznan-philharmonic-orchestra\/#primaryimage"},"thumbnailUrl":"https:\/\/filharmoniapoznanska.pl\/wp-content\/uploads\/2018\/12\/FP_baner_Plyta_Faniska_03b_EN.jpg","articleSection":["Bez kategorii"],"inLanguage":"en-US"},{"@type":"WebPage","@id":"https:\/\/filharmoniapoznanska.pl\/en\/faniska-another-world-phonographic-premiere-of-poznan-philharmonic-orchestra\/","url":"https:\/\/filharmoniapoznanska.pl\/en\/faniska-another-world-phonographic-premiere-of-poznan-philharmonic-orchestra\/","name":"Filharmonia Pozna\u0144ska Faniska - another world phonographic premiere of Poznan Philharmonic Orchestra","isPartOf":{"@id":"https:\/\/filharmoniapoznanska.pl\/#website"},"primaryImageOfPage":{"@id":"https:\/\/filharmoniapoznanska.pl\/en\/faniska-another-world-phonographic-premiere-of-poznan-philharmonic-orchestra\/#primaryimage"},"image":{"@id":"https:\/\/filharmoniapoznanska.pl\/en\/faniska-another-world-phonographic-premiere-of-poznan-philharmonic-orchestra\/#primaryimage"},"thumbnailUrl":"https:\/\/filharmoniapoznanska.pl\/wp-content\/uploads\/2018\/12\/FP_baner_Plyta_Faniska_03b_EN.jpg","datePublished":"2020-12-03T16:33:27+00:00","dateModified":"2020-12-04T09:12:10+00:00","author":{"@id":"https:\/\/filharmoniapoznanska.pl\/#\/schema\/person\/97ad778439761f146e08647d0bdacfd4"},"breadcrumb":{"@id":"https:\/\/filharmoniapoznanska.pl\/en\/faniska-another-world-phonographic-premiere-of-poznan-philharmonic-orchestra\/#breadcrumb"},"inLanguage":"en-US","potentialAction":[{"@type":"ReadAction","target":["https:\/\/filharmoniapoznanska.pl\/en\/faniska-another-world-phonographic-premiere-of-poznan-philharmonic-orchestra\/"]}]},{"@type":"ImageObject","inLanguage":"en-US","@id":"https:\/\/filharmoniapoznanska.pl\/en\/faniska-another-world-phonographic-premiere-of-poznan-philharmonic-orchestra\/#primaryimage","url":"https:\/\/filharmoniapoznanska.pl\/wp-content\/uploads\/2018\/12\/FP_baner_Plyta_Faniska_03b_EN.jpg","contentUrl":"https:\/\/filharmoniapoznanska.pl\/wp-content\/uploads\/2018\/12\/FP_baner_Plyta_Faniska_03b_EN.jpg"},{"@type":"BreadcrumbList","@id":"https:\/\/filharmoniapoznanska.pl\/en\/faniska-another-world-phonographic-premiere-of-poznan-philharmonic-orchestra\/#breadcrumb","itemListElement":[{"@type":"ListItem","position":1,"name":"Strona g\u0142\u00f3wna","item":"https:\/\/filharmoniapoznanska.pl\/en\/"},{"@type":"ListItem","position":2,"name":"Faniska &#8211; another world phonographic premiere of Poznan Philharmonic Orchestra"}]},{"@type":"WebSite","@id":"https:\/\/filharmoniapoznanska.pl\/#website","url":"https:\/\/filharmoniapoznanska.pl\/","name":"Filharmonia Pozna\u0144ska","description":"","potentialAction":[{"@type":"SearchAction","target":{"@type":"EntryPoint","urlTemplate":"https:\/\/filharmoniapoznanska.pl\/?s={search_term_string}"},"query-input":{"@type":"PropertyValueSpecification","valueRequired":true,"valueName":"search_term_string"}}],"inLanguage":"en-US"},{"@type":"Person","@id":"https:\/\/filharmoniapoznanska.pl\/#\/schema\/person\/97ad778439761f146e08647d0bdacfd4","name":"Katarzyna","image":{"@type":"ImageObject","inLanguage":"en-US","@id":"https:\/\/secure.gravatar.com\/avatar\/c42160e78464a3c13d81387337e05f8c7d0f9e4186169a7263f2e9ac90960271?s=96&d=mm&r=g","url":"https:\/\/secure.gravatar.com\/avatar\/c42160e78464a3c13d81387337e05f8c7d0f9e4186169a7263f2e9ac90960271?s=96&d=mm&r=g","contentUrl":"https:\/\/secure.gravatar.com\/avatar\/c42160e78464a3c13d81387337e05f8c7d0f9e4186169a7263f2e9ac90960271?s=96&d=mm&r=g","caption":"Katarzyna"}}]}},"_links":{"self":[{"href":"https:\/\/filharmoniapoznanska.pl\/en\/wp-json\/wp\/v2\/posts\/16903","targetHints":{"allow":["GET"]}}],"collection":[{"href":"https:\/\/filharmoniapoznanska.pl\/en\/wp-json\/wp\/v2\/posts"}],"about":[{"href":"https:\/\/filharmoniapoznanska.pl\/en\/wp-json\/wp\/v2\/types\/post"}],"author":[{"embeddable":true,"href":"https:\/\/filharmoniapoznanska.pl\/en\/wp-json\/wp\/v2\/users\/3"}],"replies":[{"embeddable":true,"href":"https:\/\/filharmoniapoznanska.pl\/en\/wp-json\/wp\/v2\/comments?post=16903"}],"version-history":[{"count":2,"href":"https:\/\/filharmoniapoznanska.pl\/en\/wp-json\/wp\/v2\/posts\/16903\/revisions"}],"predecessor-version":[{"id":16907,"href":"https:\/\/filharmoniapoznanska.pl\/en\/wp-json\/wp\/v2\/posts\/16903\/revisions\/16907"}],"wp:attachment":[{"href":"https:\/\/filharmoniapoznanska.pl\/en\/wp-json\/wp\/v2\/media?parent=16903"}],"wp:term":[{"taxonomy":"category","embeddable":true,"href":"https:\/\/filharmoniapoznanska.pl\/en\/wp-json\/wp\/v2\/categories?post=16903"},{"taxonomy":"post_tag","embeddable":true,"href":"https:\/\/filharmoniapoznanska.pl\/en\/wp-json\/wp\/v2\/tags?post=16903"}],"curies":[{"name":"wp","href":"https:\/\/api.w.org\/{rel}","templated":true}]}}