{"id":16852,"date":"2020-11-30T10:05:00","date_gmt":"2020-11-30T09:05:00","guid":{"rendered":"https:\/\/filharmoniapoznanska.pl\/?p=16852"},"modified":"2020-12-04T19:06:01","modified_gmt":"2020-12-04T18:06:01","slug":"a-citizen-of-the-world-from-szamotuly","status":"publish","type":"post","link":"https:\/\/filharmoniapoznanska.pl\/en\/a-citizen-of-the-world-from-szamotuly\/","title":{"rendered":"A citizen of the world from&#8230; Szamotu\u0142y"},"content":{"rendered":"\n<figure class=\"wp-block-image size-large\"><img loading=\"lazy\" decoding=\"async\" width=\"940\" height=\"347\" src=\"https:\/\/filharmoniapoznanska.pl\/wp-content\/uploads\/2018\/12\/30145_FIL_baner_www_Obywatel_01b_EN.jpg\" alt=\"\" class=\"wp-image-16869\" srcset=\"https:\/\/filharmoniapoznanska.pl\/wp-content\/uploads\/2018\/12\/30145_FIL_baner_www_Obywatel_01b_EN.jpg 940w, https:\/\/filharmoniapoznanska.pl\/wp-content\/uploads\/2018\/12\/30145_FIL_baner_www_Obywatel_01b_EN-300x111.jpg 300w, https:\/\/filharmoniapoznanska.pl\/wp-content\/uploads\/2018\/12\/30145_FIL_baner_www_Obywatel_01b_EN-768x284.jpg 768w, https:\/\/filharmoniapoznanska.pl\/wp-content\/uploads\/2018\/12\/30145_FIL_baner_www_Obywatel_01b_EN-660x244.jpg 660w\" sizes=\"auto, (max-width: 940px) 100vw, 940px\" \/><\/figure>\n\n\n<p>Among numerous music anniversaries celebrated this year there is also the 170th birthday anniversary of Franz Xaver Scharwenka, the hero of our next Internet Concert held on Friday, the 4th of December at 7 p.m.<\/p>\n<p>Franz Xaver Scharwenka was born in a Polish-German family in Szamotu\u0142y, where he spent the first several years of his life. Here he had taken his first steps in music. At the age of nine the family of Scharwenka moved to Poznan, and six years later &#8211; to Berlin, where Franz Xaver graduated from gymnasium and began his musical studies. He inscribed his name in history not only as an excellent composer and pianist, but also as an organizer of musical life and pedagogue. In 1881 he founded the Conservatory in Berlin and in the years of 1891-1898 he ran the Scharwenka Music School in New York City. He was so respected in America that when he composed his only opera &#8220;Mataswintha&#8221; it was staged in the Metropolitan Opera in New York. He was also the author of &#8220;Methodik des Klavierspiels&#8221;, published in Leipzig in 1907. He was friends with Franz Liszt and was highly valued by Johannes Brahms.<\/p>\n<p>In Poland he has been rediscovered for some time now and Poznan Philharmonic has a share in it by including his musical pieces in the repertoire (as well as by recording an album of his works, published in 2011 by Naxos).<\/p>\n<p>Scharwenka completed his Symphony in C minor, Op. 60 in the beginning of 1882, however the premiere performance wasn&#8217;t held until almost two years later, on the 1st of December 1883 in K\u00f6niglichen Akademie der K\u00fcnste in Copenhagen. In &#8220;Signale f\u00fcr Musikalische Welt&#8221; one could read that &#8220;the work was generally appreciated. Particularly beautiful Scherzo and Adagio, while the first and the last movement movement are too lengthy and not really refined.&#8221; (Miko\u0142aj Rykowski, The Polyphony of Life, 2018). Was the first review correct? Judge by yourselves.<\/p>\n<p><span class=\"font-bold\"><strong>PERFORMERS:<\/strong><\/span><\/p>\n<p><span class=\"font-bold\">\u0141ukasz<\/span> <span class=\"font-bold font-uppercase\">BOROWICZ<\/span> &#8211; conductor<br \/>Pozna\u0144 Philharmonic Orchestra<\/p>\n<p><strong>PROGRAM:<\/strong><\/p>\n<ul>\n<li><strong>Franz Xaver Scharwenka,\u00a0<\/strong>Symphony in C Minor, Op. 60<\/li>\n<\/ul>\n<p><i>\u00a0 \u00a0 \u00a0 Andante \u2014 Allegro non troppo<br \/><\/i><i><span class=\"Apple-converted-space\">\u00a0 \u00a0 \u00a0\u00a0<\/span>Allegro molto quasi presto<br \/><\/i><i>\u00a0 \u00a0 \u00a0 Adagio<br \/><\/i><i>\u00a0 \u00a0 \u00a0 Allegro molto quasi presto \u2014 Adagio \u2014 Tempo I \u2014 Allegro molto<\/i><\/p>\n<p>***<\/p>\n<p>Co-funded by the Minister of Culture and National Heritage as part of \u201cMuzyka\u201d programme managed by Institute of Music and Dance. Resources provided by Culture Promotion Fund from surcharges imposed on state-monopoly games under art. 80, par. 1 of the Gambling Activities Act of 19 November 2009.<\/p>\n<table style=\"width: 265px;\">\n<tbody>\n<tr>\n<td style=\"width: 39%;\"><a href=\"https:\/\/www.gov.pl\/web\/kultura\/\" target=\"_blank\" rel=\"noopener noreferrer\"><img loading=\"lazy\" decoding=\"async\" class=\"alignnone wp-image-15191\" src=\"https:\/\/filharmoniapoznanska.pl\/wp-content\/uploads\/2020\/08\/MKiDN_logoeng.jpg\" alt=\"\" width=\"180\" height=\"165\" \/><\/a><\/td>\n<td style=\"width: 61%;\"><a href=\"https:\/\/imit.org.pl\/\" target=\"_blank\" rel=\"noopener noreferrer\"><img loading=\"lazy\" decoding=\"async\" class=\"alignnone wp-image-15193\" src=\"https:\/\/filharmoniapoznanska.pl\/wp-content\/uploads\/2020\/08\/IMiT_logo_ENG.jpg\" alt=\"\" width=\"200\" height=\"86\" srcset=\"https:\/\/filharmoniapoznanska.pl\/wp-content\/uploads\/2020\/08\/IMiT_logo_ENG.jpg 1181w, https:\/\/filharmoniapoznanska.pl\/wp-content\/uploads\/2020\/08\/IMiT_logo_ENG-300x129.jpg 300w, https:\/\/filharmoniapoznanska.pl\/wp-content\/uploads\/2020\/08\/IMiT_logo_ENG-940x403.jpg 940w, https:\/\/filharmoniapoznanska.pl\/wp-content\/uploads\/2020\/08\/IMiT_logo_ENG-768x329.jpg 768w, https:\/\/filharmoniapoznanska.pl\/wp-content\/uploads\/2020\/08\/IMiT_logo_ENG-660x283.jpg 660w\" sizes=\"auto, (max-width: 200px) 100vw, 200px\" \/><\/a><\/td>\n<\/tr>\n<\/tbody>\n<\/table>\n<p><strong>Partner:<\/strong><\/p>\n<table style=\"width: 264px;\">\n<tbody>\n<tr>\n<td style=\"width: 100%;\"><a href=\"https:\/\/www.pkobp.pl\/\" target=\"_blank\" rel=\"noopener noreferrer\"><img loading=\"lazy\" decoding=\"async\" class=\"alignnone wp-image-15255\" src=\"https:\/\/filharmoniapoznanska.pl\/wp-content\/uploads\/2020\/08\/PKO-BANK-POLSKI-RGB-31mm-271x300.jpg\" alt=\"\" width=\"75\" height=\"83\" srcset=\"https:\/\/filharmoniapoznanska.pl\/wp-content\/uploads\/2020\/08\/PKO-BANK-POLSKI-RGB-31mm-271x300.jpg 271w, https:\/\/filharmoniapoznanska.pl\/wp-content\/uploads\/2020\/08\/PKO-BANK-POLSKI-RGB-31mm-334x370.jpg 334w, https:\/\/filharmoniapoznanska.pl\/wp-content\/uploads\/2020\/08\/PKO-BANK-POLSKI-RGB-31mm.jpg 621w\" sizes=\"auto, (max-width: 75px) 100vw, 75px\" \/><\/a><\/td>\n<\/tr>\n<\/tbody>\n<\/table>","protected":false},"excerpt":{"rendered":"<p>Among numerous music anniversaries celebrated this year there is also the 170th birthday anniversary of Franz Xaver Scharwenka, the hero of our next Internet Concert held on Friday, the 4th of December at 7 p.m. Franz Xaver Scharwenka was born in a Polish-German family in Szamotu\u0142y, where he spent the first several years of his [&hellip;]<\/p>\n","protected":false},"author":3,"featured_media":0,"comment_status":"closed","ping_status":"closed","sticky":false,"template":"","format":"standard","meta":{"_acf_changed":false,"footnotes":""},"categories":[27],"tags":[],"class_list":["post-16852","post","type-post","status-publish","format-standard","hentry","category-bez-kategorii-en"],"acf":[],"yoast_head":"<!-- This site is optimized with the Yoast SEO plugin v27.3 - https:\/\/yoast.com\/product\/yoast-seo-wordpress\/ -->\n<title>Filharmonia Pozna\u0144ska A citizen of the world from... Szamotu\u0142y<\/title>\n<meta name=\"robots\" content=\"index, follow, max-snippet:-1, max-image-preview:large, max-video-preview:-1\" \/>\n<link rel=\"canonical\" href=\"https:\/\/filharmoniapoznanska.pl\/en\/a-citizen-of-the-world-from-szamotuly\/\" \/>\n<meta property=\"og:locale\" content=\"en_US\" \/>\n<meta property=\"og:type\" content=\"article\" \/>\n<meta property=\"og:title\" content=\"Filharmonia Pozna\u0144ska A citizen of the world from... Szamotu\u0142y\" \/>\n<meta property=\"og:description\" content=\"Among numerous music anniversaries celebrated this year there is also the 170th birthday anniversary of Franz Xaver Scharwenka, the hero of our next Internet Concert held on Friday, the 4th of December at 7 p.m. Franz Xaver Scharwenka was born in a Polish-German family in Szamotu\u0142y, where he spent the first several years of his [&hellip;]\" \/>\n<meta property=\"og:url\" content=\"https:\/\/filharmoniapoznanska.pl\/en\/a-citizen-of-the-world-from-szamotuly\/\" \/>\n<meta property=\"og:site_name\" content=\"Filharmonia Pozna\u0144ska\" \/>\n<meta property=\"article:published_time\" content=\"2020-11-30T09:05:00+00:00\" \/>\n<meta property=\"article:modified_time\" content=\"2020-12-04T18:06:01+00:00\" \/>\n<meta property=\"og:image\" content=\"https:\/\/filharmoniapoznanska.pl\/wp-content\/uploads\/2018\/12\/30145_FIL_baner_www_Obywatel_01b_EN.jpg\" \/>\n<meta name=\"author\" content=\"Katarzyna\" \/>\n<meta name=\"twitter:card\" content=\"summary_large_image\" \/>\n<meta name=\"twitter:label1\" content=\"Written by\" \/>\n\t<meta name=\"twitter:data1\" content=\"Katarzyna\" \/>\n\t<meta name=\"twitter:label2\" content=\"Est. reading time\" \/>\n\t<meta name=\"twitter:data2\" content=\"2 minutes\" \/>\n<script type=\"application\/ld+json\" class=\"yoast-schema-graph\">{\"@context\":\"https:\\\/\\\/schema.org\",\"@graph\":[{\"@type\":\"Article\",\"@id\":\"https:\\\/\\\/filharmoniapoznanska.pl\\\/en\\\/a-citizen-of-the-world-from-szamotuly\\\/#article\",\"isPartOf\":{\"@id\":\"https:\\\/\\\/filharmoniapoznanska.pl\\\/en\\\/a-citizen-of-the-world-from-szamotuly\\\/\"},\"author\":{\"name\":\"Katarzyna\",\"@id\":\"https:\\\/\\\/filharmoniapoznanska.pl\\\/#\\\/schema\\\/person\\\/97ad778439761f146e08647d0bdacfd4\"},\"headline\":\"A citizen of the world from&#8230; Szamotu\u0142y\",\"datePublished\":\"2020-11-30T09:05:00+00:00\",\"dateModified\":\"2020-12-04T18:06:01+00:00\",\"mainEntityOfPage\":{\"@id\":\"https:\\\/\\\/filharmoniapoznanska.pl\\\/en\\\/a-citizen-of-the-world-from-szamotuly\\\/\"},\"wordCount\":406,\"image\":{\"@id\":\"https:\\\/\\\/filharmoniapoznanska.pl\\\/en\\\/a-citizen-of-the-world-from-szamotuly\\\/#primaryimage\"},\"thumbnailUrl\":\"https:\\\/\\\/filharmoniapoznanska.pl\\\/wp-content\\\/uploads\\\/2018\\\/12\\\/30145_FIL_baner_www_Obywatel_01b_EN.jpg\",\"articleSection\":[\"Bez kategorii\"],\"inLanguage\":\"en-US\"},{\"@type\":\"WebPage\",\"@id\":\"https:\\\/\\\/filharmoniapoznanska.pl\\\/en\\\/a-citizen-of-the-world-from-szamotuly\\\/\",\"url\":\"https:\\\/\\\/filharmoniapoznanska.pl\\\/en\\\/a-citizen-of-the-world-from-szamotuly\\\/\",\"name\":\"Filharmonia Pozna\u0144ska A citizen of the world from... Szamotu\u0142y\",\"isPartOf\":{\"@id\":\"https:\\\/\\\/filharmoniapoznanska.pl\\\/#website\"},\"primaryImageOfPage\":{\"@id\":\"https:\\\/\\\/filharmoniapoznanska.pl\\\/en\\\/a-citizen-of-the-world-from-szamotuly\\\/#primaryimage\"},\"image\":{\"@id\":\"https:\\\/\\\/filharmoniapoznanska.pl\\\/en\\\/a-citizen-of-the-world-from-szamotuly\\\/#primaryimage\"},\"thumbnailUrl\":\"https:\\\/\\\/filharmoniapoznanska.pl\\\/wp-content\\\/uploads\\\/2018\\\/12\\\/30145_FIL_baner_www_Obywatel_01b_EN.jpg\",\"datePublished\":\"2020-11-30T09:05:00+00:00\",\"dateModified\":\"2020-12-04T18:06:01+00:00\",\"author\":{\"@id\":\"https:\\\/\\\/filharmoniapoznanska.pl\\\/#\\\/schema\\\/person\\\/97ad778439761f146e08647d0bdacfd4\"},\"breadcrumb\":{\"@id\":\"https:\\\/\\\/filharmoniapoznanska.pl\\\/en\\\/a-citizen-of-the-world-from-szamotuly\\\/#breadcrumb\"},\"inLanguage\":\"en-US\",\"potentialAction\":[{\"@type\":\"ReadAction\",\"target\":[\"https:\\\/\\\/filharmoniapoznanska.pl\\\/en\\\/a-citizen-of-the-world-from-szamotuly\\\/\"]}]},{\"@type\":\"ImageObject\",\"inLanguage\":\"en-US\",\"@id\":\"https:\\\/\\\/filharmoniapoznanska.pl\\\/en\\\/a-citizen-of-the-world-from-szamotuly\\\/#primaryimage\",\"url\":\"https:\\\/\\\/filharmoniapoznanska.pl\\\/wp-content\\\/uploads\\\/2018\\\/12\\\/30145_FIL_baner_www_Obywatel_01b_EN.jpg\",\"contentUrl\":\"https:\\\/\\\/filharmoniapoznanska.pl\\\/wp-content\\\/uploads\\\/2018\\\/12\\\/30145_FIL_baner_www_Obywatel_01b_EN.jpg\"},{\"@type\":\"BreadcrumbList\",\"@id\":\"https:\\\/\\\/filharmoniapoznanska.pl\\\/en\\\/a-citizen-of-the-world-from-szamotuly\\\/#breadcrumb\",\"itemListElement\":[{\"@type\":\"ListItem\",\"position\":1,\"name\":\"Strona g\u0142\u00f3wna\",\"item\":\"https:\\\/\\\/filharmoniapoznanska.pl\\\/en\\\/\"},{\"@type\":\"ListItem\",\"position\":2,\"name\":\"A citizen of the world from&#8230; Szamotu\u0142y\"}]},{\"@type\":\"WebSite\",\"@id\":\"https:\\\/\\\/filharmoniapoznanska.pl\\\/#website\",\"url\":\"https:\\\/\\\/filharmoniapoznanska.pl\\\/\",\"name\":\"Filharmonia Pozna\u0144ska\",\"description\":\"\",\"potentialAction\":[{\"@type\":\"SearchAction\",\"target\":{\"@type\":\"EntryPoint\",\"urlTemplate\":\"https:\\\/\\\/filharmoniapoznanska.pl\\\/?s={search_term_string}\"},\"query-input\":{\"@type\":\"PropertyValueSpecification\",\"valueRequired\":true,\"valueName\":\"search_term_string\"}}],\"inLanguage\":\"en-US\"},{\"@type\":\"Person\",\"@id\":\"https:\\\/\\\/filharmoniapoznanska.pl\\\/#\\\/schema\\\/person\\\/97ad778439761f146e08647d0bdacfd4\",\"name\":\"Katarzyna\",\"image\":{\"@type\":\"ImageObject\",\"inLanguage\":\"en-US\",\"@id\":\"https:\\\/\\\/secure.gravatar.com\\\/avatar\\\/c42160e78464a3c13d81387337e05f8c7d0f9e4186169a7263f2e9ac90960271?s=96&d=mm&r=g\",\"url\":\"https:\\\/\\\/secure.gravatar.com\\\/avatar\\\/c42160e78464a3c13d81387337e05f8c7d0f9e4186169a7263f2e9ac90960271?s=96&d=mm&r=g\",\"contentUrl\":\"https:\\\/\\\/secure.gravatar.com\\\/avatar\\\/c42160e78464a3c13d81387337e05f8c7d0f9e4186169a7263f2e9ac90960271?s=96&d=mm&r=g\",\"caption\":\"Katarzyna\"}}]}<\/script>\n<!-- \/ Yoast SEO plugin. -->","yoast_head_json":{"title":"Filharmonia Pozna\u0144ska A citizen of the world from... Szamotu\u0142y","robots":{"index":"index","follow":"follow","max-snippet":"max-snippet:-1","max-image-preview":"max-image-preview:large","max-video-preview":"max-video-preview:-1"},"canonical":"https:\/\/filharmoniapoznanska.pl\/en\/a-citizen-of-the-world-from-szamotuly\/","og_locale":"en_US","og_type":"article","og_title":"Filharmonia Pozna\u0144ska A citizen of the world from... Szamotu\u0142y","og_description":"Among numerous music anniversaries celebrated this year there is also the 170th birthday anniversary of Franz Xaver Scharwenka, the hero of our next Internet Concert held on Friday, the 4th of December at 7 p.m. Franz Xaver Scharwenka was born in a Polish-German family in Szamotu\u0142y, where he spent the first several years of his [&hellip;]","og_url":"https:\/\/filharmoniapoznanska.pl\/en\/a-citizen-of-the-world-from-szamotuly\/","og_site_name":"Filharmonia Pozna\u0144ska","article_published_time":"2020-11-30T09:05:00+00:00","article_modified_time":"2020-12-04T18:06:01+00:00","og_image":[{"url":"https:\/\/filharmoniapoznanska.pl\/wp-content\/uploads\/2018\/12\/30145_FIL_baner_www_Obywatel_01b_EN.jpg","type":"","width":"","height":""}],"author":"Katarzyna","twitter_card":"summary_large_image","twitter_misc":{"Written by":"Katarzyna","Est. reading time":"2 minutes"},"schema":{"@context":"https:\/\/schema.org","@graph":[{"@type":"Article","@id":"https:\/\/filharmoniapoznanska.pl\/en\/a-citizen-of-the-world-from-szamotuly\/#article","isPartOf":{"@id":"https:\/\/filharmoniapoznanska.pl\/en\/a-citizen-of-the-world-from-szamotuly\/"},"author":{"name":"Katarzyna","@id":"https:\/\/filharmoniapoznanska.pl\/#\/schema\/person\/97ad778439761f146e08647d0bdacfd4"},"headline":"A citizen of the world from&#8230; Szamotu\u0142y","datePublished":"2020-11-30T09:05:00+00:00","dateModified":"2020-12-04T18:06:01+00:00","mainEntityOfPage":{"@id":"https:\/\/filharmoniapoznanska.pl\/en\/a-citizen-of-the-world-from-szamotuly\/"},"wordCount":406,"image":{"@id":"https:\/\/filharmoniapoznanska.pl\/en\/a-citizen-of-the-world-from-szamotuly\/#primaryimage"},"thumbnailUrl":"https:\/\/filharmoniapoznanska.pl\/wp-content\/uploads\/2018\/12\/30145_FIL_baner_www_Obywatel_01b_EN.jpg","articleSection":["Bez kategorii"],"inLanguage":"en-US"},{"@type":"WebPage","@id":"https:\/\/filharmoniapoznanska.pl\/en\/a-citizen-of-the-world-from-szamotuly\/","url":"https:\/\/filharmoniapoznanska.pl\/en\/a-citizen-of-the-world-from-szamotuly\/","name":"Filharmonia Pozna\u0144ska A citizen of the world from... Szamotu\u0142y","isPartOf":{"@id":"https:\/\/filharmoniapoznanska.pl\/#website"},"primaryImageOfPage":{"@id":"https:\/\/filharmoniapoznanska.pl\/en\/a-citizen-of-the-world-from-szamotuly\/#primaryimage"},"image":{"@id":"https:\/\/filharmoniapoznanska.pl\/en\/a-citizen-of-the-world-from-szamotuly\/#primaryimage"},"thumbnailUrl":"https:\/\/filharmoniapoznanska.pl\/wp-content\/uploads\/2018\/12\/30145_FIL_baner_www_Obywatel_01b_EN.jpg","datePublished":"2020-11-30T09:05:00+00:00","dateModified":"2020-12-04T18:06:01+00:00","author":{"@id":"https:\/\/filharmoniapoznanska.pl\/#\/schema\/person\/97ad778439761f146e08647d0bdacfd4"},"breadcrumb":{"@id":"https:\/\/filharmoniapoznanska.pl\/en\/a-citizen-of-the-world-from-szamotuly\/#breadcrumb"},"inLanguage":"en-US","potentialAction":[{"@type":"ReadAction","target":["https:\/\/filharmoniapoznanska.pl\/en\/a-citizen-of-the-world-from-szamotuly\/"]}]},{"@type":"ImageObject","inLanguage":"en-US","@id":"https:\/\/filharmoniapoznanska.pl\/en\/a-citizen-of-the-world-from-szamotuly\/#primaryimage","url":"https:\/\/filharmoniapoznanska.pl\/wp-content\/uploads\/2018\/12\/30145_FIL_baner_www_Obywatel_01b_EN.jpg","contentUrl":"https:\/\/filharmoniapoznanska.pl\/wp-content\/uploads\/2018\/12\/30145_FIL_baner_www_Obywatel_01b_EN.jpg"},{"@type":"BreadcrumbList","@id":"https:\/\/filharmoniapoznanska.pl\/en\/a-citizen-of-the-world-from-szamotuly\/#breadcrumb","itemListElement":[{"@type":"ListItem","position":1,"name":"Strona g\u0142\u00f3wna","item":"https:\/\/filharmoniapoznanska.pl\/en\/"},{"@type":"ListItem","position":2,"name":"A citizen of the world from&#8230; Szamotu\u0142y"}]},{"@type":"WebSite","@id":"https:\/\/filharmoniapoznanska.pl\/#website","url":"https:\/\/filharmoniapoznanska.pl\/","name":"Filharmonia Pozna\u0144ska","description":"","potentialAction":[{"@type":"SearchAction","target":{"@type":"EntryPoint","urlTemplate":"https:\/\/filharmoniapoznanska.pl\/?s={search_term_string}"},"query-input":{"@type":"PropertyValueSpecification","valueRequired":true,"valueName":"search_term_string"}}],"inLanguage":"en-US"},{"@type":"Person","@id":"https:\/\/filharmoniapoznanska.pl\/#\/schema\/person\/97ad778439761f146e08647d0bdacfd4","name":"Katarzyna","image":{"@type":"ImageObject","inLanguage":"en-US","@id":"https:\/\/secure.gravatar.com\/avatar\/c42160e78464a3c13d81387337e05f8c7d0f9e4186169a7263f2e9ac90960271?s=96&d=mm&r=g","url":"https:\/\/secure.gravatar.com\/avatar\/c42160e78464a3c13d81387337e05f8c7d0f9e4186169a7263f2e9ac90960271?s=96&d=mm&r=g","contentUrl":"https:\/\/secure.gravatar.com\/avatar\/c42160e78464a3c13d81387337e05f8c7d0f9e4186169a7263f2e9ac90960271?s=96&d=mm&r=g","caption":"Katarzyna"}}]}},"_links":{"self":[{"href":"https:\/\/filharmoniapoznanska.pl\/en\/wp-json\/wp\/v2\/posts\/16852","targetHints":{"allow":["GET"]}}],"collection":[{"href":"https:\/\/filharmoniapoznanska.pl\/en\/wp-json\/wp\/v2\/posts"}],"about":[{"href":"https:\/\/filharmoniapoznanska.pl\/en\/wp-json\/wp\/v2\/types\/post"}],"author":[{"embeddable":true,"href":"https:\/\/filharmoniapoznanska.pl\/en\/wp-json\/wp\/v2\/users\/3"}],"replies":[{"embeddable":true,"href":"https:\/\/filharmoniapoznanska.pl\/en\/wp-json\/wp\/v2\/comments?post=16852"}],"version-history":[{"count":4,"href":"https:\/\/filharmoniapoznanska.pl\/en\/wp-json\/wp\/v2\/posts\/16852\/revisions"}],"predecessor-version":[{"id":16941,"href":"https:\/\/filharmoniapoznanska.pl\/en\/wp-json\/wp\/v2\/posts\/16852\/revisions\/16941"}],"wp:attachment":[{"href":"https:\/\/filharmoniapoznanska.pl\/en\/wp-json\/wp\/v2\/media?parent=16852"}],"wp:term":[{"taxonomy":"category","embeddable":true,"href":"https:\/\/filharmoniapoznanska.pl\/en\/wp-json\/wp\/v2\/categories?post=16852"},{"taxonomy":"post_tag","embeddable":true,"href":"https:\/\/filharmoniapoznanska.pl\/en\/wp-json\/wp\/v2\/tags?post=16852"}],"curies":[{"name":"wp","href":"https:\/\/api.w.org\/{rel}","templated":true}]}}