{"id":14483,"date":"2020-06-01T11:54:33","date_gmt":"2020-06-01T09:54:33","guid":{"rendered":"https:\/\/filharmoniapoznanska.pl\/?p=14483"},"modified":"2020-06-01T12:53:48","modified_gmt":"2020-06-01T10:53:48","slug":"katarzyna-bak-beczala-i-piotr-beczala-w-qa-filharmonii-poznanskiej-juz-6-czerwca-2","status":"publish","type":"post","link":"https:\/\/filharmoniapoznanska.pl\/en\/katarzyna-bak-beczala-i-piotr-beczala-w-qa-filharmonii-poznanskiej-juz-6-czerwca-2\/","title":{"rendered":"KATARZYNA B\u0104K-BECZA\u0141A AND PIOTR BECZA\u0141A IN THE Q&#038;A OF POZNAN PHILHARMONIC ON THE 6th OF JUNE"},"content":{"rendered":"<p><strong>Piotr Becza\u0142a and Katarzyna B\u0105k-Becza\u0142a<\/strong> will answer your questions on our website, <a href=\"https:\/\/www.facebook.com\/FilharmoniaPoznanska\/\" target=\"_blank\" rel=\"noopener noreferrer\">Facebooku<\/a>\u00a0profile and <a href=\"https:\/\/www.youtube.com\/channel\/UCHbp029JdPYNw64iHUmk_aA\" target=\"_blank\" rel=\"noopener noreferrer\">YouTube<\/a> channel on Saturday, <strong>6th of June at 6 p.m.<\/strong> We invite you to take part in this event!<\/p>\n<p>***<\/p>\n<p>It was his first gala concert in Poland, held in Poznan Philharmonic. Piotr Becza\u0142a sang in AMU Concert Hall on the 14th of April 2007 and he blew away everyone! Poznan Philharmonic Orchestra was then led by \u0141ukasz Borowicz.<\/p>\n<p>For years now Piotr Becza\u0142a has been sharing his time between the most famous opera houses in the world \u2013 from Metropolitan Opera in New York (where for a couple of years he has been in an elitist group of stars who perform in MET every season), through Covent Garden in London, to La Scala in Milan. He is considered to be the leading tenor in the world. His wife, Katarzyna B\u0105k-Becza\u0142a, also a singer, supports him in the artistic career.<\/p>\n<p>They both come from a Silesian town Czechowice-Dziedzice. They met in high school, in a choir, though she attended school of music and he was a student of a technical college, in the field of Mechanical Engineering. They both graduated from Academies of Music \u2013 Katarzyna in Warsaw, Piotr in Katowice. She started her professional singing career during her studies, but shortly before her debut in La Scala\u2026. she resigned from the performance. She chose a life with her husband and, as she emphasizes in interviews, she never regretted it. They have been together for 25 years. Katarzyna attends Piotr\u2019s rehearsals, performances and recording sessions. And it\u2019s her opinion that the artist respects the most.<\/p>\n<p>They were in New York when the pandemic broke \u2013 Piotr Becza\u0142a was preparing for the premiere of Jules Massenet\u2019s \u201cWerther\u201d staged in Metropolitan Opera, in which he was to sing the title role. They managed to return to Poland, to their home in the Beskid \u017bywiecki mountains at the beginning of April. Today on the artist\u2019s facebook page you can admire his fascination for nature and cuisine, read the great reviews of his lates album \u201cVincer\u00f3!\u201d which was released in May and discover the tenor\u2019s recommendations of interesting online performances and concerts prepared by artists from the most renowned opera houses in the world.<\/p>\n","protected":false},"excerpt":{"rendered":"<p>Piotr Becza\u0142a and Katarzyna B\u0105k-Becza\u0142a will answer your questions on our website, Facebooku\u00a0profile and YouTube channel on Saturday, 6th of June at 6 p.m. We invite you to take part in this event! *** It was his first gala concert in Poland, held in Poznan Philharmonic. Piotr Becza\u0142a sang in AMU Concert Hall on the [&hellip;]<\/p>\n","protected":false},"author":3,"featured_media":0,"comment_status":"closed","ping_status":"closed","sticky":false,"template":"","format":"standard","meta":{"_acf_changed":false,"footnotes":""},"categories":[1],"tags":[],"class_list":["post-14483","post","type-post","status-publish","format-standard","hentry","category-bez-kategorii"],"acf":[],"yoast_head":"<!-- This site is optimized with the Yoast SEO plugin v27.3 - https:\/\/yoast.com\/product\/yoast-seo-wordpress\/ -->\n<title>Filharmonia Pozna\u0144ska KATARZYNA B\u0104K-BECZA\u0141A AND PIOTR BECZA\u0141A IN THE Q&amp;A OF POZNAN PHILHARMONIC ON THE 6th OF JUNE<\/title>\n<meta name=\"robots\" content=\"index, follow, max-snippet:-1, max-image-preview:large, max-video-preview:-1\" \/>\n<link rel=\"canonical\" href=\"https:\/\/filharmoniapoznanska.pl\/en\/katarzyna-bak-beczala-i-piotr-beczala-w-qa-filharmonii-poznanskiej-juz-6-czerwca-2\/\" \/>\n<meta property=\"og:locale\" content=\"en_US\" \/>\n<meta property=\"og:type\" content=\"article\" \/>\n<meta property=\"og:title\" content=\"Filharmonia Pozna\u0144ska KATARZYNA B\u0104K-BECZA\u0141A AND PIOTR BECZA\u0141A IN THE Q&amp;A OF POZNAN PHILHARMONIC ON THE 6th OF JUNE\" \/>\n<meta property=\"og:description\" content=\"Piotr Becza\u0142a and Katarzyna B\u0105k-Becza\u0142a will answer your questions on our website, Facebooku\u00a0profile and YouTube channel on Saturday, 6th of June at 6 p.m. We invite you to take part in this event! *** It was his first gala concert in Poland, held in Poznan Philharmonic. Piotr Becza\u0142a sang in AMU Concert Hall on the [&hellip;]\" \/>\n<meta property=\"og:url\" content=\"https:\/\/filharmoniapoznanska.pl\/en\/katarzyna-bak-beczala-i-piotr-beczala-w-qa-filharmonii-poznanskiej-juz-6-czerwca-2\/\" \/>\n<meta property=\"og:site_name\" content=\"Filharmonia Pozna\u0144ska\" \/>\n<meta property=\"article:published_time\" content=\"2020-06-01T09:54:33+00:00\" \/>\n<meta property=\"article:modified_time\" content=\"2020-06-01T10:53:48+00:00\" \/>\n<meta name=\"author\" content=\"Katarzyna\" \/>\n<meta name=\"twitter:card\" content=\"summary_large_image\" \/>\n<meta name=\"twitter:label1\" content=\"Written by\" \/>\n\t<meta name=\"twitter:data1\" content=\"Katarzyna\" \/>\n\t<meta name=\"twitter:label2\" content=\"Est. reading time\" \/>\n\t<meta name=\"twitter:data2\" content=\"2 minutes\" \/>\n<script type=\"application\/ld+json\" class=\"yoast-schema-graph\">{\"@context\":\"https:\\\/\\\/schema.org\",\"@graph\":[{\"@type\":\"Article\",\"@id\":\"https:\\\/\\\/filharmoniapoznanska.pl\\\/en\\\/katarzyna-bak-beczala-i-piotr-beczala-w-qa-filharmonii-poznanskiej-juz-6-czerwca-2\\\/#article\",\"isPartOf\":{\"@id\":\"https:\\\/\\\/filharmoniapoznanska.pl\\\/en\\\/katarzyna-bak-beczala-i-piotr-beczala-w-qa-filharmonii-poznanskiej-juz-6-czerwca-2\\\/\"},\"author\":{\"name\":\"Katarzyna\",\"@id\":\"https:\\\/\\\/filharmoniapoznanska.pl\\\/#\\\/schema\\\/person\\\/97ad778439761f146e08647d0bdacfd4\"},\"headline\":\"KATARZYNA B\u0104K-BECZA\u0141A AND PIOTR BECZA\u0141A IN THE Q&#038;A OF POZNAN PHILHARMONIC ON THE 6th OF JUNE\",\"datePublished\":\"2020-06-01T09:54:33+00:00\",\"dateModified\":\"2020-06-01T10:53:48+00:00\",\"mainEntityOfPage\":{\"@id\":\"https:\\\/\\\/filharmoniapoznanska.pl\\\/en\\\/katarzyna-bak-beczala-i-piotr-beczala-w-qa-filharmonii-poznanskiej-juz-6-czerwca-2\\\/\"},\"wordCount\":402,\"articleSection\":[\"Bez kategorii\"],\"inLanguage\":\"en-US\"},{\"@type\":\"WebPage\",\"@id\":\"https:\\\/\\\/filharmoniapoznanska.pl\\\/en\\\/katarzyna-bak-beczala-i-piotr-beczala-w-qa-filharmonii-poznanskiej-juz-6-czerwca-2\\\/\",\"url\":\"https:\\\/\\\/filharmoniapoznanska.pl\\\/en\\\/katarzyna-bak-beczala-i-piotr-beczala-w-qa-filharmonii-poznanskiej-juz-6-czerwca-2\\\/\",\"name\":\"Filharmonia Pozna\u0144ska KATARZYNA B\u0104K-BECZA\u0141A AND PIOTR BECZA\u0141A IN THE Q&A OF POZNAN PHILHARMONIC ON THE 6th OF JUNE\",\"isPartOf\":{\"@id\":\"https:\\\/\\\/filharmoniapoznanska.pl\\\/#website\"},\"datePublished\":\"2020-06-01T09:54:33+00:00\",\"dateModified\":\"2020-06-01T10:53:48+00:00\",\"author\":{\"@id\":\"https:\\\/\\\/filharmoniapoznanska.pl\\\/#\\\/schema\\\/person\\\/97ad778439761f146e08647d0bdacfd4\"},\"breadcrumb\":{\"@id\":\"https:\\\/\\\/filharmoniapoznanska.pl\\\/en\\\/katarzyna-bak-beczala-i-piotr-beczala-w-qa-filharmonii-poznanskiej-juz-6-czerwca-2\\\/#breadcrumb\"},\"inLanguage\":\"en-US\",\"potentialAction\":[{\"@type\":\"ReadAction\",\"target\":[\"https:\\\/\\\/filharmoniapoznanska.pl\\\/en\\\/katarzyna-bak-beczala-i-piotr-beczala-w-qa-filharmonii-poznanskiej-juz-6-czerwca-2\\\/\"]}]},{\"@type\":\"BreadcrumbList\",\"@id\":\"https:\\\/\\\/filharmoniapoznanska.pl\\\/en\\\/katarzyna-bak-beczala-i-piotr-beczala-w-qa-filharmonii-poznanskiej-juz-6-czerwca-2\\\/#breadcrumb\",\"itemListElement\":[{\"@type\":\"ListItem\",\"position\":1,\"name\":\"Strona g\u0142\u00f3wna\",\"item\":\"https:\\\/\\\/filharmoniapoznanska.pl\\\/en\\\/\"},{\"@type\":\"ListItem\",\"position\":2,\"name\":\"KATARZYNA B\u0104K-BECZA\u0141A AND PIOTR BECZA\u0141A IN THE Q&#038;A OF POZNAN PHILHARMONIC ON THE 6th OF JUNE\"}]},{\"@type\":\"WebSite\",\"@id\":\"https:\\\/\\\/filharmoniapoznanska.pl\\\/#website\",\"url\":\"https:\\\/\\\/filharmoniapoznanska.pl\\\/\",\"name\":\"Filharmonia Pozna\u0144ska\",\"description\":\"\",\"potentialAction\":[{\"@type\":\"SearchAction\",\"target\":{\"@type\":\"EntryPoint\",\"urlTemplate\":\"https:\\\/\\\/filharmoniapoznanska.pl\\\/?s={search_term_string}\"},\"query-input\":{\"@type\":\"PropertyValueSpecification\",\"valueRequired\":true,\"valueName\":\"search_term_string\"}}],\"inLanguage\":\"en-US\"},{\"@type\":\"Person\",\"@id\":\"https:\\\/\\\/filharmoniapoznanska.pl\\\/#\\\/schema\\\/person\\\/97ad778439761f146e08647d0bdacfd4\",\"name\":\"Katarzyna\",\"image\":{\"@type\":\"ImageObject\",\"inLanguage\":\"en-US\",\"@id\":\"https:\\\/\\\/secure.gravatar.com\\\/avatar\\\/c42160e78464a3c13d81387337e05f8c7d0f9e4186169a7263f2e9ac90960271?s=96&d=mm&r=g\",\"url\":\"https:\\\/\\\/secure.gravatar.com\\\/avatar\\\/c42160e78464a3c13d81387337e05f8c7d0f9e4186169a7263f2e9ac90960271?s=96&d=mm&r=g\",\"contentUrl\":\"https:\\\/\\\/secure.gravatar.com\\\/avatar\\\/c42160e78464a3c13d81387337e05f8c7d0f9e4186169a7263f2e9ac90960271?s=96&d=mm&r=g\",\"caption\":\"Katarzyna\"}}]}<\/script>\n<!-- \/ Yoast SEO plugin. -->","yoast_head_json":{"title":"Filharmonia Pozna\u0144ska KATARZYNA B\u0104K-BECZA\u0141A AND PIOTR BECZA\u0141A IN THE Q&A OF POZNAN PHILHARMONIC ON THE 6th OF JUNE","robots":{"index":"index","follow":"follow","max-snippet":"max-snippet:-1","max-image-preview":"max-image-preview:large","max-video-preview":"max-video-preview:-1"},"canonical":"https:\/\/filharmoniapoznanska.pl\/en\/katarzyna-bak-beczala-i-piotr-beczala-w-qa-filharmonii-poznanskiej-juz-6-czerwca-2\/","og_locale":"en_US","og_type":"article","og_title":"Filharmonia Pozna\u0144ska KATARZYNA B\u0104K-BECZA\u0141A AND PIOTR BECZA\u0141A IN THE Q&A OF POZNAN PHILHARMONIC ON THE 6th OF JUNE","og_description":"Piotr Becza\u0142a and Katarzyna B\u0105k-Becza\u0142a will answer your questions on our website, Facebooku\u00a0profile and YouTube channel on Saturday, 6th of June at 6 p.m. We invite you to take part in this event! *** It was his first gala concert in Poland, held in Poznan Philharmonic. Piotr Becza\u0142a sang in AMU Concert Hall on the [&hellip;]","og_url":"https:\/\/filharmoniapoznanska.pl\/en\/katarzyna-bak-beczala-i-piotr-beczala-w-qa-filharmonii-poznanskiej-juz-6-czerwca-2\/","og_site_name":"Filharmonia Pozna\u0144ska","article_published_time":"2020-06-01T09:54:33+00:00","article_modified_time":"2020-06-01T10:53:48+00:00","author":"Katarzyna","twitter_card":"summary_large_image","twitter_misc":{"Written by":"Katarzyna","Est. reading time":"2 minutes"},"schema":{"@context":"https:\/\/schema.org","@graph":[{"@type":"Article","@id":"https:\/\/filharmoniapoznanska.pl\/en\/katarzyna-bak-beczala-i-piotr-beczala-w-qa-filharmonii-poznanskiej-juz-6-czerwca-2\/#article","isPartOf":{"@id":"https:\/\/filharmoniapoznanska.pl\/en\/katarzyna-bak-beczala-i-piotr-beczala-w-qa-filharmonii-poznanskiej-juz-6-czerwca-2\/"},"author":{"name":"Katarzyna","@id":"https:\/\/filharmoniapoznanska.pl\/#\/schema\/person\/97ad778439761f146e08647d0bdacfd4"},"headline":"KATARZYNA B\u0104K-BECZA\u0141A AND PIOTR BECZA\u0141A IN THE Q&#038;A OF POZNAN PHILHARMONIC ON THE 6th OF JUNE","datePublished":"2020-06-01T09:54:33+00:00","dateModified":"2020-06-01T10:53:48+00:00","mainEntityOfPage":{"@id":"https:\/\/filharmoniapoznanska.pl\/en\/katarzyna-bak-beczala-i-piotr-beczala-w-qa-filharmonii-poznanskiej-juz-6-czerwca-2\/"},"wordCount":402,"articleSection":["Bez kategorii"],"inLanguage":"en-US"},{"@type":"WebPage","@id":"https:\/\/filharmoniapoznanska.pl\/en\/katarzyna-bak-beczala-i-piotr-beczala-w-qa-filharmonii-poznanskiej-juz-6-czerwca-2\/","url":"https:\/\/filharmoniapoznanska.pl\/en\/katarzyna-bak-beczala-i-piotr-beczala-w-qa-filharmonii-poznanskiej-juz-6-czerwca-2\/","name":"Filharmonia Pozna\u0144ska KATARZYNA B\u0104K-BECZA\u0141A AND PIOTR BECZA\u0141A IN THE Q&A OF POZNAN PHILHARMONIC ON THE 6th OF JUNE","isPartOf":{"@id":"https:\/\/filharmoniapoznanska.pl\/#website"},"datePublished":"2020-06-01T09:54:33+00:00","dateModified":"2020-06-01T10:53:48+00:00","author":{"@id":"https:\/\/filharmoniapoznanska.pl\/#\/schema\/person\/97ad778439761f146e08647d0bdacfd4"},"breadcrumb":{"@id":"https:\/\/filharmoniapoznanska.pl\/en\/katarzyna-bak-beczala-i-piotr-beczala-w-qa-filharmonii-poznanskiej-juz-6-czerwca-2\/#breadcrumb"},"inLanguage":"en-US","potentialAction":[{"@type":"ReadAction","target":["https:\/\/filharmoniapoznanska.pl\/en\/katarzyna-bak-beczala-i-piotr-beczala-w-qa-filharmonii-poznanskiej-juz-6-czerwca-2\/"]}]},{"@type":"BreadcrumbList","@id":"https:\/\/filharmoniapoznanska.pl\/en\/katarzyna-bak-beczala-i-piotr-beczala-w-qa-filharmonii-poznanskiej-juz-6-czerwca-2\/#breadcrumb","itemListElement":[{"@type":"ListItem","position":1,"name":"Strona g\u0142\u00f3wna","item":"https:\/\/filharmoniapoznanska.pl\/en\/"},{"@type":"ListItem","position":2,"name":"KATARZYNA B\u0104K-BECZA\u0141A AND PIOTR BECZA\u0141A IN THE Q&#038;A OF POZNAN PHILHARMONIC ON THE 6th OF JUNE"}]},{"@type":"WebSite","@id":"https:\/\/filharmoniapoznanska.pl\/#website","url":"https:\/\/filharmoniapoznanska.pl\/","name":"Filharmonia Pozna\u0144ska","description":"","potentialAction":[{"@type":"SearchAction","target":{"@type":"EntryPoint","urlTemplate":"https:\/\/filharmoniapoznanska.pl\/?s={search_term_string}"},"query-input":{"@type":"PropertyValueSpecification","valueRequired":true,"valueName":"search_term_string"}}],"inLanguage":"en-US"},{"@type":"Person","@id":"https:\/\/filharmoniapoznanska.pl\/#\/schema\/person\/97ad778439761f146e08647d0bdacfd4","name":"Katarzyna","image":{"@type":"ImageObject","inLanguage":"en-US","@id":"https:\/\/secure.gravatar.com\/avatar\/c42160e78464a3c13d81387337e05f8c7d0f9e4186169a7263f2e9ac90960271?s=96&d=mm&r=g","url":"https:\/\/secure.gravatar.com\/avatar\/c42160e78464a3c13d81387337e05f8c7d0f9e4186169a7263f2e9ac90960271?s=96&d=mm&r=g","contentUrl":"https:\/\/secure.gravatar.com\/avatar\/c42160e78464a3c13d81387337e05f8c7d0f9e4186169a7263f2e9ac90960271?s=96&d=mm&r=g","caption":"Katarzyna"}}]}},"_links":{"self":[{"href":"https:\/\/filharmoniapoznanska.pl\/en\/wp-json\/wp\/v2\/posts\/14483","targetHints":{"allow":["GET"]}}],"collection":[{"href":"https:\/\/filharmoniapoznanska.pl\/en\/wp-json\/wp\/v2\/posts"}],"about":[{"href":"https:\/\/filharmoniapoznanska.pl\/en\/wp-json\/wp\/v2\/types\/post"}],"author":[{"embeddable":true,"href":"https:\/\/filharmoniapoznanska.pl\/en\/wp-json\/wp\/v2\/users\/3"}],"replies":[{"embeddable":true,"href":"https:\/\/filharmoniapoznanska.pl\/en\/wp-json\/wp\/v2\/comments?post=14483"}],"version-history":[{"count":3,"href":"https:\/\/filharmoniapoznanska.pl\/en\/wp-json\/wp\/v2\/posts\/14483\/revisions"}],"predecessor-version":[{"id":14494,"href":"https:\/\/filharmoniapoznanska.pl\/en\/wp-json\/wp\/v2\/posts\/14483\/revisions\/14494"}],"wp:attachment":[{"href":"https:\/\/filharmoniapoznanska.pl\/en\/wp-json\/wp\/v2\/media?parent=14483"}],"wp:term":[{"taxonomy":"category","embeddable":true,"href":"https:\/\/filharmoniapoznanska.pl\/en\/wp-json\/wp\/v2\/categories?post=14483"},{"taxonomy":"post_tag","embeddable":true,"href":"https:\/\/filharmoniapoznanska.pl\/en\/wp-json\/wp\/v2\/tags?post=14483"}],"curies":[{"name":"wp","href":"https:\/\/api.w.org\/{rel}","templated":true}]}}