{"id":12962,"date":"2020-03-25T15:22:17","date_gmt":"2020-03-25T14:22:17","guid":{"rendered":"https:\/\/filharmoniapoznanska.pl\/?p=12962"},"modified":"2020-03-25T15:22:17","modified_gmt":"2020-03-25T14:22:17","slug":"beethoven-and-paderewski-another-internet-concert","status":"publish","type":"post","link":"https:\/\/filharmoniapoznanska.pl\/en\/beethoven-and-paderewski-another-internet-concert\/","title":{"rendered":"BEETHOVEN AND PADEREWSKI \u2013 ANOTHER INTERNET CONCERT"},"content":{"rendered":"<p>Next Friday during the next INTERNET CONCERT you can listen to Ludwig van Beethoven\u2019s overture \u201cZur Namensfeier\u201d Op. 115 and Ignacy Jan Paderewski\u2019s Piano Concerto in A minor, Op. 17 performed by Szymon Nehring and Poznan Philharmonic Orchestra led by maestro Marek Pijarowski.<\/p>\n<p>We encourage you to read the introduction to the program of the concert held in Konzerthaus Berlin on the 23rd of October 2018.<\/p>\n<p><strong>Ludwig van Beethoven \u2013 overture \u201cZur Namensfeier\u201d Op. 115 (dedicated to Prince Antoni Radziwi\u0142\u0142)<\/strong><\/p>\n<p>Ludwig van Beethoven completed his symphonic overture \u201cZur Namensfeier\u201d in 1815. The subtitle refers to the feast of Saint Francis of Assisi, which fell on the name day of Franz the 1st, emperor of Austria (the 4th of October). Though the premiere performance was scheduled for October, the overture resounded for the first time on Christmas 1815. In the initial theme we can hear the motives from \u201c Ode to Joy\u201d from the 9th Symphony, composed 9 years later. The musical piece was dedicated to the Polish Prince Antoni Radziwi\u0142\u0142, whose figure is worth recalling. He was a politician, musician, patron of artists, viceroy of the Grand Duchy of Poznan and was regarded as the most prominent representative of Polish-Prussian political orientation in the 19th century. He was sure that his kinship with the Prussian reigning House (in 1796 he married Frederica Dorothea Louise Hohenzollern, daughter of Augustus Ferdinand, who was the brother of Frederick II the Great \u2013 King of Prussia) would obligate him to active conciliation between the Poles and the Prussian authorities. His plans of the Poles taking the side of Prussia against Napoleon and of inducing Prince J\u00f3zef Poniatowski to support Prussia and Russia in 1813 failed. Antoni Radziwi\u0142\u0142 was also a composer, cellist, guitar player and singer, and his palace in Berlin served as a center of musical, literary and theatrical life. His circle of friends included Johann Wolfgang von Goethe, Ludwig van Beethoven and the parents of Felix Mendelssohn. In his hunting lodge in Antonin near Ostr\u00f3w Wielkopolski he hosted Fr\u00e9d\u00e9ric Chopin twice, who dedicated him his Trio in G minor for Piano, Violin and Cello. Whereas Felix Mendelssohn presented Radziwi\u0142\u0142 his first piece. Radziwi\u0142\u0142 also became a part of the History of Music \u2013 he was the first to write the music to \u201cFaust\u201d by Goethe, which was admired by Chopin himself.<\/p>\n<p><strong>Ignacy Jan Paderewski \u2013 Piano Concerto in A minor, Op. 17 <\/strong><\/p>\n<p>Piano Concerto in A minor, Op. 17 by Ignacy Jan Paderewski is one of the most popular pieces not only in the artistic output of the composer, but also in the Polish Piano literature. He composed the first excerpts of the piece in his twenties, and the whole Concert was written in six years in different places \u2013 Zakopane, Cracow, Vienna, Paris. The premiere performance took place in Vienna in the beginning of 1889, with the interpretation of the pianist Anetta Yesipova, the second one \u2013 a few weeks later in Warsaw. The piece is filled with beautiful melodic line, subtly expressed emotionality, clear texture and transparent structure, with an exposed virtuosity of solo piano part at the same time. The first movement, Allegro, has the sonata-allegro form, second, Romanza, refers to a song structure, while the final Allegro molto vivace features the form of rondo \u2013 the last movement closes with a festive chorale. Ignacy Jan Paderewski (1860-1941), in his time seen as the hope of Polish composition, mostly dealt with piano performances, as well as patriotic, social and political activity, working hard to regain Polish independence. He is remembered as a prominent artist and a statesman. Besides Piano Concerto, he also wrote Polish Fantasy for Piano and Orchestra, monumental Symphony in B minor \u201cPolonia\u201d (1907), Manru opera, songs for voice and piano and numerous piano works \u2013 the most famous are Minuet, Polish Dances, Variations and Fugue in A minor and Tatra Album.<\/p>\n<p><em>Justyna Kroschel<\/em><\/p>\n","protected":false},"excerpt":{"rendered":"<p>Next Friday during the next INTERNET CONCERT you can listen to Ludwig van Beethoven\u2019s overture \u201cZur Namensfeier\u201d Op. 115 and Ignacy Jan Paderewski\u2019s Piano Concerto in A minor, Op. 17 performed by Szymon Nehring and Poznan Philharmonic Orchestra led by maestro Marek Pijarowski. We encourage you to read the introduction to the program of the [&hellip;]<\/p>\n","protected":false},"author":3,"featured_media":0,"comment_status":"closed","ping_status":"closed","sticky":false,"template":"","format":"standard","meta":{"_acf_changed":false,"footnotes":""},"categories":[27],"tags":[],"class_list":["post-12962","post","type-post","status-publish","format-standard","hentry","category-bez-kategorii-en"],"acf":[],"yoast_head":"<!-- This site is optimized with the Yoast SEO plugin v27.3 - https:\/\/yoast.com\/product\/yoast-seo-wordpress\/ -->\n<title>Filharmonia Pozna\u0144ska BEETHOVEN AND PADEREWSKI \u2013 ANOTHER INTERNET CONCERT<\/title>\n<meta name=\"robots\" content=\"index, follow, max-snippet:-1, max-image-preview:large, max-video-preview:-1\" \/>\n<link rel=\"canonical\" href=\"https:\/\/filharmoniapoznanska.pl\/en\/beethoven-and-paderewski-another-internet-concert\/\" \/>\n<meta property=\"og:locale\" content=\"en_US\" \/>\n<meta property=\"og:type\" content=\"article\" \/>\n<meta property=\"og:title\" content=\"Filharmonia Pozna\u0144ska BEETHOVEN AND PADEREWSKI \u2013 ANOTHER INTERNET CONCERT\" \/>\n<meta property=\"og:description\" content=\"Next Friday during the next INTERNET CONCERT you can listen to Ludwig van Beethoven\u2019s overture \u201cZur Namensfeier\u201d Op. 115 and Ignacy Jan Paderewski\u2019s Piano Concerto in A minor, Op. 17 performed by Szymon Nehring and Poznan Philharmonic Orchestra led by maestro Marek Pijarowski. We encourage you to read the introduction to the program of the [&hellip;]\" \/>\n<meta property=\"og:url\" content=\"https:\/\/filharmoniapoznanska.pl\/en\/beethoven-and-paderewski-another-internet-concert\/\" \/>\n<meta property=\"og:site_name\" content=\"Filharmonia Pozna\u0144ska\" \/>\n<meta property=\"article:published_time\" content=\"2020-03-25T14:22:17+00:00\" \/>\n<meta name=\"author\" content=\"Katarzyna\" \/>\n<meta name=\"twitter:card\" content=\"summary_large_image\" \/>\n<meta name=\"twitter:label1\" content=\"Written by\" \/>\n\t<meta name=\"twitter:data1\" content=\"Katarzyna\" \/>\n\t<meta name=\"twitter:label2\" content=\"Est. reading time\" \/>\n\t<meta name=\"twitter:data2\" content=\"3 minutes\" \/>\n<script type=\"application\/ld+json\" class=\"yoast-schema-graph\">{\"@context\":\"https:\\\/\\\/schema.org\",\"@graph\":[{\"@type\":\"Article\",\"@id\":\"https:\\\/\\\/filharmoniapoznanska.pl\\\/en\\\/beethoven-and-paderewski-another-internet-concert\\\/#article\",\"isPartOf\":{\"@id\":\"https:\\\/\\\/filharmoniapoznanska.pl\\\/en\\\/beethoven-and-paderewski-another-internet-concert\\\/\"},\"author\":{\"name\":\"Katarzyna\",\"@id\":\"https:\\\/\\\/filharmoniapoznanska.pl\\\/#\\\/schema\\\/person\\\/97ad778439761f146e08647d0bdacfd4\"},\"headline\":\"BEETHOVEN AND PADEREWSKI \u2013 ANOTHER INTERNET CONCERT\",\"datePublished\":\"2020-03-25T14:22:17+00:00\",\"mainEntityOfPage\":{\"@id\":\"https:\\\/\\\/filharmoniapoznanska.pl\\\/en\\\/beethoven-and-paderewski-another-internet-concert\\\/\"},\"wordCount\":637,\"articleSection\":[\"Bez kategorii\"],\"inLanguage\":\"en-US\"},{\"@type\":\"WebPage\",\"@id\":\"https:\\\/\\\/filharmoniapoznanska.pl\\\/en\\\/beethoven-and-paderewski-another-internet-concert\\\/\",\"url\":\"https:\\\/\\\/filharmoniapoznanska.pl\\\/en\\\/beethoven-and-paderewski-another-internet-concert\\\/\",\"name\":\"Filharmonia Pozna\u0144ska BEETHOVEN AND PADEREWSKI \u2013 ANOTHER INTERNET CONCERT\",\"isPartOf\":{\"@id\":\"https:\\\/\\\/filharmoniapoznanska.pl\\\/#website\"},\"datePublished\":\"2020-03-25T14:22:17+00:00\",\"author\":{\"@id\":\"https:\\\/\\\/filharmoniapoznanska.pl\\\/#\\\/schema\\\/person\\\/97ad778439761f146e08647d0bdacfd4\"},\"breadcrumb\":{\"@id\":\"https:\\\/\\\/filharmoniapoznanska.pl\\\/en\\\/beethoven-and-paderewski-another-internet-concert\\\/#breadcrumb\"},\"inLanguage\":\"en-US\",\"potentialAction\":[{\"@type\":\"ReadAction\",\"target\":[\"https:\\\/\\\/filharmoniapoznanska.pl\\\/en\\\/beethoven-and-paderewski-another-internet-concert\\\/\"]}]},{\"@type\":\"BreadcrumbList\",\"@id\":\"https:\\\/\\\/filharmoniapoznanska.pl\\\/en\\\/beethoven-and-paderewski-another-internet-concert\\\/#breadcrumb\",\"itemListElement\":[{\"@type\":\"ListItem\",\"position\":1,\"name\":\"Strona g\u0142\u00f3wna\",\"item\":\"https:\\\/\\\/filharmoniapoznanska.pl\\\/en\\\/\"},{\"@type\":\"ListItem\",\"position\":2,\"name\":\"BEETHOVEN AND PADEREWSKI \u2013 ANOTHER INTERNET CONCERT\"}]},{\"@type\":\"WebSite\",\"@id\":\"https:\\\/\\\/filharmoniapoznanska.pl\\\/#website\",\"url\":\"https:\\\/\\\/filharmoniapoznanska.pl\\\/\",\"name\":\"Filharmonia Pozna\u0144ska\",\"description\":\"\",\"potentialAction\":[{\"@type\":\"SearchAction\",\"target\":{\"@type\":\"EntryPoint\",\"urlTemplate\":\"https:\\\/\\\/filharmoniapoznanska.pl\\\/?s={search_term_string}\"},\"query-input\":{\"@type\":\"PropertyValueSpecification\",\"valueRequired\":true,\"valueName\":\"search_term_string\"}}],\"inLanguage\":\"en-US\"},{\"@type\":\"Person\",\"@id\":\"https:\\\/\\\/filharmoniapoznanska.pl\\\/#\\\/schema\\\/person\\\/97ad778439761f146e08647d0bdacfd4\",\"name\":\"Katarzyna\",\"image\":{\"@type\":\"ImageObject\",\"inLanguage\":\"en-US\",\"@id\":\"https:\\\/\\\/secure.gravatar.com\\\/avatar\\\/c42160e78464a3c13d81387337e05f8c7d0f9e4186169a7263f2e9ac90960271?s=96&d=mm&r=g\",\"url\":\"https:\\\/\\\/secure.gravatar.com\\\/avatar\\\/c42160e78464a3c13d81387337e05f8c7d0f9e4186169a7263f2e9ac90960271?s=96&d=mm&r=g\",\"contentUrl\":\"https:\\\/\\\/secure.gravatar.com\\\/avatar\\\/c42160e78464a3c13d81387337e05f8c7d0f9e4186169a7263f2e9ac90960271?s=96&d=mm&r=g\",\"caption\":\"Katarzyna\"}}]}<\/script>\n<!-- \/ Yoast SEO plugin. -->","yoast_head_json":{"title":"Filharmonia Pozna\u0144ska BEETHOVEN AND PADEREWSKI \u2013 ANOTHER INTERNET CONCERT","robots":{"index":"index","follow":"follow","max-snippet":"max-snippet:-1","max-image-preview":"max-image-preview:large","max-video-preview":"max-video-preview:-1"},"canonical":"https:\/\/filharmoniapoznanska.pl\/en\/beethoven-and-paderewski-another-internet-concert\/","og_locale":"en_US","og_type":"article","og_title":"Filharmonia Pozna\u0144ska BEETHOVEN AND PADEREWSKI \u2013 ANOTHER INTERNET CONCERT","og_description":"Next Friday during the next INTERNET CONCERT you can listen to Ludwig van Beethoven\u2019s overture \u201cZur Namensfeier\u201d Op. 115 and Ignacy Jan Paderewski\u2019s Piano Concerto in A minor, Op. 17 performed by Szymon Nehring and Poznan Philharmonic Orchestra led by maestro Marek Pijarowski. We encourage you to read the introduction to the program of the [&hellip;]","og_url":"https:\/\/filharmoniapoznanska.pl\/en\/beethoven-and-paderewski-another-internet-concert\/","og_site_name":"Filharmonia Pozna\u0144ska","article_published_time":"2020-03-25T14:22:17+00:00","author":"Katarzyna","twitter_card":"summary_large_image","twitter_misc":{"Written by":"Katarzyna","Est. reading time":"3 minutes"},"schema":{"@context":"https:\/\/schema.org","@graph":[{"@type":"Article","@id":"https:\/\/filharmoniapoznanska.pl\/en\/beethoven-and-paderewski-another-internet-concert\/#article","isPartOf":{"@id":"https:\/\/filharmoniapoznanska.pl\/en\/beethoven-and-paderewski-another-internet-concert\/"},"author":{"name":"Katarzyna","@id":"https:\/\/filharmoniapoznanska.pl\/#\/schema\/person\/97ad778439761f146e08647d0bdacfd4"},"headline":"BEETHOVEN AND PADEREWSKI \u2013 ANOTHER INTERNET CONCERT","datePublished":"2020-03-25T14:22:17+00:00","mainEntityOfPage":{"@id":"https:\/\/filharmoniapoznanska.pl\/en\/beethoven-and-paderewski-another-internet-concert\/"},"wordCount":637,"articleSection":["Bez kategorii"],"inLanguage":"en-US"},{"@type":"WebPage","@id":"https:\/\/filharmoniapoznanska.pl\/en\/beethoven-and-paderewski-another-internet-concert\/","url":"https:\/\/filharmoniapoznanska.pl\/en\/beethoven-and-paderewski-another-internet-concert\/","name":"Filharmonia Pozna\u0144ska BEETHOVEN AND PADEREWSKI \u2013 ANOTHER INTERNET CONCERT","isPartOf":{"@id":"https:\/\/filharmoniapoznanska.pl\/#website"},"datePublished":"2020-03-25T14:22:17+00:00","author":{"@id":"https:\/\/filharmoniapoznanska.pl\/#\/schema\/person\/97ad778439761f146e08647d0bdacfd4"},"breadcrumb":{"@id":"https:\/\/filharmoniapoznanska.pl\/en\/beethoven-and-paderewski-another-internet-concert\/#breadcrumb"},"inLanguage":"en-US","potentialAction":[{"@type":"ReadAction","target":["https:\/\/filharmoniapoznanska.pl\/en\/beethoven-and-paderewski-another-internet-concert\/"]}]},{"@type":"BreadcrumbList","@id":"https:\/\/filharmoniapoznanska.pl\/en\/beethoven-and-paderewski-another-internet-concert\/#breadcrumb","itemListElement":[{"@type":"ListItem","position":1,"name":"Strona g\u0142\u00f3wna","item":"https:\/\/filharmoniapoznanska.pl\/en\/"},{"@type":"ListItem","position":2,"name":"BEETHOVEN AND PADEREWSKI \u2013 ANOTHER INTERNET CONCERT"}]},{"@type":"WebSite","@id":"https:\/\/filharmoniapoznanska.pl\/#website","url":"https:\/\/filharmoniapoznanska.pl\/","name":"Filharmonia Pozna\u0144ska","description":"","potentialAction":[{"@type":"SearchAction","target":{"@type":"EntryPoint","urlTemplate":"https:\/\/filharmoniapoznanska.pl\/?s={search_term_string}"},"query-input":{"@type":"PropertyValueSpecification","valueRequired":true,"valueName":"search_term_string"}}],"inLanguage":"en-US"},{"@type":"Person","@id":"https:\/\/filharmoniapoznanska.pl\/#\/schema\/person\/97ad778439761f146e08647d0bdacfd4","name":"Katarzyna","image":{"@type":"ImageObject","inLanguage":"en-US","@id":"https:\/\/secure.gravatar.com\/avatar\/c42160e78464a3c13d81387337e05f8c7d0f9e4186169a7263f2e9ac90960271?s=96&d=mm&r=g","url":"https:\/\/secure.gravatar.com\/avatar\/c42160e78464a3c13d81387337e05f8c7d0f9e4186169a7263f2e9ac90960271?s=96&d=mm&r=g","contentUrl":"https:\/\/secure.gravatar.com\/avatar\/c42160e78464a3c13d81387337e05f8c7d0f9e4186169a7263f2e9ac90960271?s=96&d=mm&r=g","caption":"Katarzyna"}}]}},"_links":{"self":[{"href":"https:\/\/filharmoniapoznanska.pl\/en\/wp-json\/wp\/v2\/posts\/12962","targetHints":{"allow":["GET"]}}],"collection":[{"href":"https:\/\/filharmoniapoznanska.pl\/en\/wp-json\/wp\/v2\/posts"}],"about":[{"href":"https:\/\/filharmoniapoznanska.pl\/en\/wp-json\/wp\/v2\/types\/post"}],"author":[{"embeddable":true,"href":"https:\/\/filharmoniapoznanska.pl\/en\/wp-json\/wp\/v2\/users\/3"}],"replies":[{"embeddable":true,"href":"https:\/\/filharmoniapoznanska.pl\/en\/wp-json\/wp\/v2\/comments?post=12962"}],"version-history":[{"count":1,"href":"https:\/\/filharmoniapoznanska.pl\/en\/wp-json\/wp\/v2\/posts\/12962\/revisions"}],"predecessor-version":[{"id":12963,"href":"https:\/\/filharmoniapoznanska.pl\/en\/wp-json\/wp\/v2\/posts\/12962\/revisions\/12963"}],"wp:attachment":[{"href":"https:\/\/filharmoniapoznanska.pl\/en\/wp-json\/wp\/v2\/media?parent=12962"}],"wp:term":[{"taxonomy":"category","embeddable":true,"href":"https:\/\/filharmoniapoznanska.pl\/en\/wp-json\/wp\/v2\/categories?post=12962"},{"taxonomy":"post_tag","embeddable":true,"href":"https:\/\/filharmoniapoznanska.pl\/en\/wp-json\/wp\/v2\/tags?post=12962"}],"curies":[{"name":"wp","href":"https:\/\/api.w.org\/{rel}","templated":true}]}}